{"id":92723,"date":"2021-05-18T10:25:17","date_gmt":"2021-05-18T13:25:17","guid":{"rendered":"https:\/\/eldiariodesanpedro.com.ar\/sitio\/?p=92723"},"modified":"2021-05-18T10:25:21","modified_gmt":"2021-05-18T13:25:21","slug":"dos-mujeres-lesionadas-en-accidente-de-transito","status":"publish","type":"post","link":"https:\/\/eldiariodesanpedro.com.ar\/sitio\/dos-mujeres-lesionadas-en-accidente-de-transito\/","title":{"rendered":"Dos mujeres lesionadas en accidente de tr\u00e1nsito"},"content":{"rendered":"<!-- VideographyWP Plugin Message: Automatic video embedding prevented by plugin options. -->\n\n<p>Este lunes en horas de la tarde, se trata de establecer en calle An\u00edbal de Ant\u00f3n y Col\u00f3n, colisiona autom\u00f3vil conducido por ciudadano de 42 a\u00f1os, contra una motocicleta conducida por una joven de 18 a\u00f1os quien era acompa\u00f1ada por otra mujer de 52 a\u00f1os.&nbsp;<\/p>\n\n\n\n<p>Como resultado del impacto ambas motociclistas fueron trasladadas al nosocomio local por presentar distintas lesiones, conductor del veh\u00edculo ileso.<\/p>\n","protected":false},"excerpt":{"rendered":"<p>Este lunes en horas de la tarde, se trata de establecer en calle An\u00edbal de Ant\u00f3n y Col\u00f3n, colisiona autom\u00f3vil conducido por ciudadano de 42 a\u00f1os, contra una motocicleta conducida por una joven de 18 a\u00f1os quien era acompa\u00f1ada por otra mujer de 52 a\u00f1os.&nbsp; Como resultado del impacto ambas motociclistas fueron trasladadas al nosocomio [&hellip;]<\/p>\n","protected":false},"author":4,"featured_media":70470,"comment_status":"open","ping_status":"closed","sticky":false,"template":"","format":"standard","meta":{"om_disable_all_campaigns":false,"_jetpack_memberships_contains_paid_content":false,"footnotes":""},"categories":[2,103],"tags":[],"class_list":["post-92723","post","type-post","status-publish","format-standard","has-post-thumbnail","hentry","category-locales","category-policiales-locales"],"aioseo_notices":[],"gutentor_comment":0,"jetpack_featured_media_url":"https:\/\/eldiariodesanpedro.com.ar\/sitio\/wp-content\/uploads\/2020\/03\/0-5.jpg","jetpack_shortlink":"https:\/\/wp.me\/p6RhLt-o7x","jetpack_sharing_enabled":true,"_links":{"self":[{"href":"https:\/\/eldiariodesanpedro.com.ar\/sitio\/wp-json\/wp\/v2\/posts\/92723","targetHints":{"allow":["GET"]}}],"collection":[{"href":"https:\/\/eldiariodesanpedro.com.ar\/sitio\/wp-json\/wp\/v2\/posts"}],"about":[{"href":"https:\/\/eldiariodesanpedro.com.ar\/sitio\/wp-json\/wp\/v2\/types\/post"}],"author":[{"embeddable":true,"href":"https:\/\/eldiariodesanpedro.com.ar\/sitio\/wp-json\/wp\/v2\/users\/4"}],"replies":[{"embeddable":true,"href":"https:\/\/eldiariodesanpedro.com.ar\/sitio\/wp-json\/wp\/v2\/comments?post=92723"}],"version-history":[{"count":1,"href":"https:\/\/eldiariodesanpedro.com.ar\/sitio\/wp-json\/wp\/v2\/posts\/92723\/revisions"}],"predecessor-version":[{"id":92724,"href":"https:\/\/eldiariodesanpedro.com.ar\/sitio\/wp-json\/wp\/v2\/posts\/92723\/revisions\/92724"}],"wp:featuredmedia":[{"embeddable":true,"href":"https:\/\/eldiariodesanpedro.com.ar\/sitio\/wp-json\/wp\/v2\/media\/70470"}],"wp:attachment":[{"href":"https:\/\/eldiariodesanpedro.com.ar\/sitio\/wp-json\/wp\/v2\/media?parent=92723"}],"wp:term":[{"taxonomy":"category","embeddable":true,"href":"https:\/\/eldiariodesanpedro.com.ar\/sitio\/wp-json\/wp\/v2\/categories?post=92723"},{"taxonomy":"post_tag","embeddable":true,"href":"https:\/\/eldiariodesanpedro.com.ar\/sitio\/wp-json\/wp\/v2\/tags?post=92723"}],"curies":[{"name":"wp","href":"https:\/\/api.w.org\/{rel}","templated":true}]}}