{"id":92719,"date":"2021-05-18T09:44:40","date_gmt":"2021-05-18T12:44:40","guid":{"rendered":"https:\/\/eldiariodesanpedro.com.ar\/sitio\/?p=92719"},"modified":"2021-05-18T09:44:45","modified_gmt":"2021-05-18T12:44:45","slug":"diagrama-de-actividades-previstas-y-en-marcha-por-la-direccion-de-servicio-publico","status":"publish","type":"post","link":"https:\/\/eldiariodesanpedro.com.ar\/sitio\/diagrama-de-actividades-previstas-y-en-marcha-por-la-direccion-de-servicio-publico\/","title":{"rendered":"Diagrama de actividades previstas y en marcha por la Direcci\u00f3n de Servicio Publico"},"content":{"rendered":"<!-- VideographyWP Plugin Message: Automatic video embedding prevented by plugin options. -->\n\n<p>La Direcci\u00f3n de Servicios P\u00fablicos de la Municipalidad de San Pedro informa el diagrama de actividades previstas y en marcha.<\/p>\n\n\n\n<ul class=\"wp-block-list\"><li>Una moto niveladora arregla el camino a La Calandria y luego caminos cercanos.<\/li><li>Camiones y retroexcavadora contin\u00faan la limpieza de zanj\u00f3n en Ruta 1001 desde calle Sarmiento hasta la rotonda.<\/li><li>Un tractor con cuadrilla bachea calle Italia desde Chivilcoy a Jos\u00e9 Hern\u00e1ndez, luego se traslada a la cuadr\u00edcula de R\u00f3mulo Na\u00f3n, Sarmiento, Caseros e Italia.<\/li><li>Una retroexcavadora con tractor, acoplado y cuadrilla contin\u00faa la limpieza de cunetas en Calle 44 y Nieto de Torres.<\/li><\/ul>\n\n\n\n<p>-Una camioneta limpia plazas y avenidas; y un cami\u00f3n contin\u00faa juntando ramas en distintos lugares de la ciudad.<\/p>\n\n\n\n<ul class=\"wp-block-list\"><li>Adem\u00e1s se cumplen las tareas de riego con normalidad.<\/li><\/ul>\n","protected":false},"excerpt":{"rendered":"<p>La Direcci\u00f3n de Servicios P\u00fablicos de la Municipalidad de San Pedro informa el diagrama de actividades previstas y en marcha. Una moto niveladora arregla el camino a La Calandria y luego caminos cercanos. Camiones y retroexcavadora contin\u00faan la limpieza de zanj\u00f3n en Ruta 1001 desde calle Sarmiento hasta la rotonda. Un tractor con cuadrilla bachea [&hellip;]<\/p>\n","protected":false},"author":4,"featured_media":91655,"comment_status":"open","ping_status":"closed","sticky":false,"template":"","format":"standard","meta":{"om_disable_all_campaigns":false,"_jetpack_memberships_contains_paid_content":false,"footnotes":""},"categories":[101,2],"tags":[],"class_list":["post-92719","post","type-post","status-publish","format-standard","has-post-thumbnail","hentry","category-interes-general-locales","category-locales"],"aioseo_notices":[],"gutentor_comment":0,"jetpack_featured_media_url":"https:\/\/eldiariodesanpedro.com.ar\/sitio\/wp-content\/uploads\/2021\/04\/WhatsApp-Image-2021-04-28-at-20.10.25-1.jpeg","jetpack_shortlink":"https:\/\/wp.me\/p6RhLt-o7t","jetpack_sharing_enabled":true,"_links":{"self":[{"href":"https:\/\/eldiariodesanpedro.com.ar\/sitio\/wp-json\/wp\/v2\/posts\/92719","targetHints":{"allow":["GET"]}}],"collection":[{"href":"https:\/\/eldiariodesanpedro.com.ar\/sitio\/wp-json\/wp\/v2\/posts"}],"about":[{"href":"https:\/\/eldiariodesanpedro.com.ar\/sitio\/wp-json\/wp\/v2\/types\/post"}],"author":[{"embeddable":true,"href":"https:\/\/eldiariodesanpedro.com.ar\/sitio\/wp-json\/wp\/v2\/users\/4"}],"replies":[{"embeddable":true,"href":"https:\/\/eldiariodesanpedro.com.ar\/sitio\/wp-json\/wp\/v2\/comments?post=92719"}],"version-history":[{"count":1,"href":"https:\/\/eldiariodesanpedro.com.ar\/sitio\/wp-json\/wp\/v2\/posts\/92719\/revisions"}],"predecessor-version":[{"id":92720,"href":"https:\/\/eldiariodesanpedro.com.ar\/sitio\/wp-json\/wp\/v2\/posts\/92719\/revisions\/92720"}],"wp:featuredmedia":[{"embeddable":true,"href":"https:\/\/eldiariodesanpedro.com.ar\/sitio\/wp-json\/wp\/v2\/media\/91655"}],"wp:attachment":[{"href":"https:\/\/eldiariodesanpedro.com.ar\/sitio\/wp-json\/wp\/v2\/media?parent=92719"}],"wp:term":[{"taxonomy":"category","embeddable":true,"href":"https:\/\/eldiariodesanpedro.com.ar\/sitio\/wp-json\/wp\/v2\/categories?post=92719"},{"taxonomy":"post_tag","embeddable":true,"href":"https:\/\/eldiariodesanpedro.com.ar\/sitio\/wp-json\/wp\/v2\/tags?post=92719"}],"curies":[{"name":"wp","href":"https:\/\/api.w.org\/{rel}","templated":true}]}}