{"id":92710,"date":"2021-05-18T09:15:22","date_gmt":"2021-05-18T12:15:22","guid":{"rendered":"https:\/\/eldiariodesanpedro.com.ar\/sitio\/?p=92710"},"modified":"2021-05-18T09:15:26","modified_gmt":"2021-05-18T12:15:26","slug":"ana-maria-gimenez-de-90-anos-y-mirtha-alcaraz-de-69-anos-las-dos-victimas-de-ayer-de-coronavirus","status":"publish","type":"post","link":"https:\/\/eldiariodesanpedro.com.ar\/sitio\/ana-maria-gimenez-de-90-anos-y-mirtha-alcaraz-de-69-anos-las-dos-victimas-de-ayer-de-coronavirus\/","title":{"rendered":"Ana Mar\u00eda Gim\u00e9nez de 90 a\u00f1os y Mirtha Alcaraz de 69 a\u00f1os, las dos victimas de ayer  de coronavirus"},"content":{"rendered":"<!-- VideographyWP Plugin Message: Automatic video embedding prevented by plugin options. -->\n\n<p>En la tarde noche de ayer la Secretaria de Salud de nuestra ciudad informo el deceso de dos personas que se entraban internadas con covid 19 y son las victima as 126 y 127 de lo que va en la pandemia.<\/p>\n\n\n\n<p>La Secretar\u00eda de Salud de la Municipalidad de San Pedro informa el fallecimiento de la Sra. Ana Mar\u00eda Gim\u00e9nez de 90 a\u00f1os, internada con COVID 19 positivo, en cl\u00ednica privada.<\/p>\n\n\n\n<p>La Secretar\u00eda de Salud de la Municipalidad de San Pedro informa el fallecimiento de la Sra. Mirtha Alcaraz de 69 a\u00f1os, internada con COVID 19 positivo, en el Hospital Emilio Ruffa.<\/p>\n\n\n\n<p>Acompa\u00f1amos en este doloroso momento a sus familiares y seres queridos con nuestras condolencias.<\/p>\n\n\n\n<p><\/p>\n","protected":false},"excerpt":{"rendered":"<p>En la tarde noche de ayer la Secretaria de Salud de nuestra ciudad informo el deceso de dos personas que se entraban internadas con covid 19 y son las victima as 126 y 127 de lo que va en la pandemia. La Secretar\u00eda de Salud de la Municipalidad de San Pedro informa el fallecimiento de [&hellip;]<\/p>\n","protected":false},"author":4,"featured_media":79260,"comment_status":"open","ping_status":"closed","sticky":false,"template":"","format":"standard","meta":{"om_disable_all_campaigns":false,"_jetpack_memberships_contains_paid_content":false,"footnotes":""},"categories":[101,2],"tags":[],"class_list":["post-92710","post","type-post","status-publish","format-standard","has-post-thumbnail","hentry","category-interes-general-locales","category-locales"],"aioseo_notices":[],"gutentor_comment":0,"jetpack_featured_media_url":"https:\/\/eldiariodesanpedro.com.ar\/sitio\/wp-content\/uploads\/2020\/08\/coronavirus-225665.jpg","jetpack_shortlink":"https:\/\/wp.me\/p6RhLt-o7k","jetpack_sharing_enabled":true,"_links":{"self":[{"href":"https:\/\/eldiariodesanpedro.com.ar\/sitio\/wp-json\/wp\/v2\/posts\/92710","targetHints":{"allow":["GET"]}}],"collection":[{"href":"https:\/\/eldiariodesanpedro.com.ar\/sitio\/wp-json\/wp\/v2\/posts"}],"about":[{"href":"https:\/\/eldiariodesanpedro.com.ar\/sitio\/wp-json\/wp\/v2\/types\/post"}],"author":[{"embeddable":true,"href":"https:\/\/eldiariodesanpedro.com.ar\/sitio\/wp-json\/wp\/v2\/users\/4"}],"replies":[{"embeddable":true,"href":"https:\/\/eldiariodesanpedro.com.ar\/sitio\/wp-json\/wp\/v2\/comments?post=92710"}],"version-history":[{"count":1,"href":"https:\/\/eldiariodesanpedro.com.ar\/sitio\/wp-json\/wp\/v2\/posts\/92710\/revisions"}],"predecessor-version":[{"id":92711,"href":"https:\/\/eldiariodesanpedro.com.ar\/sitio\/wp-json\/wp\/v2\/posts\/92710\/revisions\/92711"}],"wp:featuredmedia":[{"embeddable":true,"href":"https:\/\/eldiariodesanpedro.com.ar\/sitio\/wp-json\/wp\/v2\/media\/79260"}],"wp:attachment":[{"href":"https:\/\/eldiariodesanpedro.com.ar\/sitio\/wp-json\/wp\/v2\/media?parent=92710"}],"wp:term":[{"taxonomy":"category","embeddable":true,"href":"https:\/\/eldiariodesanpedro.com.ar\/sitio\/wp-json\/wp\/v2\/categories?post=92710"},{"taxonomy":"post_tag","embeddable":true,"href":"https:\/\/eldiariodesanpedro.com.ar\/sitio\/wp-json\/wp\/v2\/tags?post=92710"}],"curies":[{"name":"wp","href":"https:\/\/api.w.org\/{rel}","templated":true}]}}