{"id":92708,"date":"2021-05-18T09:10:22","date_gmt":"2021-05-18T12:10:22","guid":{"rendered":"https:\/\/eldiariodesanpedro.com.ar\/sitio\/?p=92708"},"modified":"2021-05-18T09:10:29","modified_gmt":"2021-05-18T12:10:29","slug":"coronavirus-ayer-se-recibieron-22-positivos-y-14-negativos-los-activos-se-mantienen-en-294","status":"publish","type":"post","link":"https:\/\/eldiariodesanpedro.com.ar\/sitio\/coronavirus-ayer-se-recibieron-22-positivos-y-14-negativos-los-activos-se-mantienen-en-294\/","title":{"rendered":"Coronavirus: Ayer se recibieron 22 positivos y 14 negativos, los activos se mantienen en 294"},"content":{"rendered":"<!-- VideographyWP Plugin Message: Automatic video embedding prevented by plugin options. -->\n\n<p>La Secretar\u00eda de Salud de la Municipalidad de San Pedro brinda el informe que acompa\u00f1a la placa del d\u00eda de la fecha, en el seguimiento de la Pandemia de Covid-19.<\/p>\n\n\n\n<p>Desde el Laboratorio del Hospital, confirmaron e informaron 22 testeos r\u00e1pidos positivos y 14 negativos.<\/p>\n\n\n\n<p>Los positivos est\u00e1n divididos en:<\/p>\n\n\n\n<ul class=\"wp-block-list\"><li>Laboratorio del Hospital: Mujeres de 15, 22, 33, 52, 58, 62, 64 y 75 a\u00f1os; y hombres de 22, 27, 33(2), 35, 37, 41, 43, 51, 58, 61, 63, 67 y 68 a\u00f1os.<\/li><\/ul>\n\n\n\n<p>Las muestras tomadas durante las \u00faltimas jornadas ser\u00e1n enviadas en el d\u00eda de ma\u00f1ana y se informar\u00e1 la cantidad en tanto se complete el despacho.<\/p>\n\n\n\n<ul class=\"wp-block-list\"><li>Se incorporan a la estad\u00edstica oficial 23 altas.<\/li><li>Se informaron los fallecimientos de la Sra. Ana Mar\u00eda Gim\u00e9nez de 90 a\u00f1os y de la Sra. Mirtha Alcaraz de 69 a\u00f1os, internadas con COVID 19 positivo.<\/li><\/ul>\n\n\n\n<p>Resumen actualizado de informaci\u00f3n oficial<br>Positivos desde el inicio de la Pandemia: 3539<br>Activos: 294<br>Recuperados: 3117<br>Fallecidos: 128<br>Negativos desde el inicio de la Pandemia: 5384<\/p>\n\n\n\n<p>Los datos consignados en este informe corresponden a casos analizados a trav\u00e9s hisopados realizados en los \u00abconsultorios amarillos\u00bb analizados por el Laboratorio Central Lab y testeos r\u00e1pidos efectuados en el Laboratorio del Hospital.<\/p>\n\n\n\n<p>&#x1f449; Usar tapabocas.<br>&#x1f449; Mantener la distancia m\u00ednima de 2 metros.<br>&#x1f449; Extremar la higiene de los espacios.<br>&#x1f449; Mantener las manos limpias.<\/p>\n\n\n\n<p>Se recuerda que, ante s\u00edntomas de tos seca, fiebre y dolor de garganta se puede llamar al 148 o 107<\/p>\n","protected":false},"excerpt":{"rendered":"<p>La Secretar\u00eda de Salud de la Municipalidad de San Pedro brinda el informe que acompa\u00f1a la placa del d\u00eda de la fecha, en el seguimiento de la Pandemia de Covid-19. Desde el Laboratorio del Hospital, confirmaron e informaron 22 testeos r\u00e1pidos positivos y 14 negativos. Los positivos est\u00e1n divididos en: Laboratorio del Hospital: Mujeres de [&hellip;]<\/p>\n","protected":false},"author":4,"featured_media":77072,"comment_status":"open","ping_status":"closed","sticky":false,"template":"","format":"standard","meta":{"om_disable_all_campaigns":false,"_jetpack_memberships_contains_paid_content":false,"footnotes":""},"categories":[101,2],"tags":[],"class_list":["post-92708","post","type-post","status-publish","format-standard","has-post-thumbnail","hentry","category-interes-general-locales","category-locales"],"aioseo_notices":[],"gutentor_comment":0,"jetpack_featured_media_url":"https:\/\/eldiariodesanpedro.com.ar\/sitio\/wp-content\/uploads\/2020\/07\/test-de-covid-19_1.jpg","jetpack_shortlink":"https:\/\/wp.me\/p6RhLt-o7i","jetpack_sharing_enabled":true,"_links":{"self":[{"href":"https:\/\/eldiariodesanpedro.com.ar\/sitio\/wp-json\/wp\/v2\/posts\/92708","targetHints":{"allow":["GET"]}}],"collection":[{"href":"https:\/\/eldiariodesanpedro.com.ar\/sitio\/wp-json\/wp\/v2\/posts"}],"about":[{"href":"https:\/\/eldiariodesanpedro.com.ar\/sitio\/wp-json\/wp\/v2\/types\/post"}],"author":[{"embeddable":true,"href":"https:\/\/eldiariodesanpedro.com.ar\/sitio\/wp-json\/wp\/v2\/users\/4"}],"replies":[{"embeddable":true,"href":"https:\/\/eldiariodesanpedro.com.ar\/sitio\/wp-json\/wp\/v2\/comments?post=92708"}],"version-history":[{"count":1,"href":"https:\/\/eldiariodesanpedro.com.ar\/sitio\/wp-json\/wp\/v2\/posts\/92708\/revisions"}],"predecessor-version":[{"id":92709,"href":"https:\/\/eldiariodesanpedro.com.ar\/sitio\/wp-json\/wp\/v2\/posts\/92708\/revisions\/92709"}],"wp:featuredmedia":[{"embeddable":true,"href":"https:\/\/eldiariodesanpedro.com.ar\/sitio\/wp-json\/wp\/v2\/media\/77072"}],"wp:attachment":[{"href":"https:\/\/eldiariodesanpedro.com.ar\/sitio\/wp-json\/wp\/v2\/media?parent=92708"}],"wp:term":[{"taxonomy":"category","embeddable":true,"href":"https:\/\/eldiariodesanpedro.com.ar\/sitio\/wp-json\/wp\/v2\/categories?post=92708"},{"taxonomy":"post_tag","embeddable":true,"href":"https:\/\/eldiariodesanpedro.com.ar\/sitio\/wp-json\/wp\/v2\/tags?post=92708"}],"curies":[{"name":"wp","href":"https:\/\/api.w.org\/{rel}","templated":true}]}}