{"id":92702,"date":"2021-05-17T20:52:14","date_gmt":"2021-05-17T23:52:14","guid":{"rendered":"https:\/\/eldiariodesanpedro.com.ar\/sitio\/?p=92702"},"modified":"2021-05-17T20:56:49","modified_gmt":"2021-05-17T23:56:49","slug":"las-medidas-restrictivas-de-la-fase-2-comenzaran-a-regir-a-partir-del-miercoles-a-las-00-hs","status":"publish","type":"post","link":"https:\/\/eldiariodesanpedro.com.ar\/sitio\/las-medidas-restrictivas-de-la-fase-2-comenzaran-a-regir-a-partir-del-miercoles-a-las-00-hs\/","title":{"rendered":"Las medidas restrictivas de la fase 2 comenzaran a regir a partir del mi\u00e9rcoles a las 00 hs"},"content":{"rendered":"<!-- VideographyWP Plugin Message: Automatic video embedding prevented by plugin options. -->\n\n<p>Como estaba previsto se realizo una conferencia de prensa donde se informo como ser\u00e1n las nuevas restricciones y adem\u00e1s de otra informaci\u00f3n de la situaci\u00f3n epidemiol\u00f3gica.<\/p>\n\n\n\n<p>Estuvieron presentes en la conferencia de prensa el Dr. Creaus Secretario de Salud, Hern\u00e1n Contreras Director de Modernizaci\u00f3n y el Dr. Ramon Salazar Director de Coordinaci\u00f3n en representaci\u00f3n del Intendente Cecilio Salazar que no pudo estar presente por un problema personal.  <\/p>\n\n\n\n<p><a href=\"https:\/\/eldiariodesanpedro.com.ar\/sitio\/reunion-en-la-municipalidad-para-determinar-si-san-pedro-pasa-a-fase-2\/?fbclid=IwAR3W0o0tcjTWBiS16wvvnDPXKLc3Klk8SzRnmeobbXSOlzjTDdJDwkayw9U\" data-type=\"URL\" data-id=\"https:\/\/eldiariodesanpedro.com.ar\/sitio\/reunion-en-la-municipalidad-para-determinar-si-san-pedro-pasa-a-fase-2\/?fbclid=IwAR3W0o0tcjTWBiS16wvvnDPXKLc3Klk8SzRnmeobbXSOlzjTDdJDwkayw9U\">Las nuevas restricciones son las ya anunciado por todos los medios de comunicacion y comenzaran a regir a partir de las 00 hs del pr\u00f3ximo mi\u00e9rcoles<\/a> una vez que la provincia lo anuncie en el bolet\u00edn oficial.<\/p>\n\n\n\n<p><\/p>\n","protected":false},"excerpt":{"rendered":"<p>Como estaba previsto se realizo una conferencia de prensa donde se informo como ser\u00e1n las nuevas restricciones y adem\u00e1s de otra informaci\u00f3n de la situaci\u00f3n epidemiol\u00f3gica. Estuvieron presentes en la conferencia de prensa el Dr. Creaus Secretario de Salud, Hern\u00e1n Contreras Director de Modernizaci\u00f3n y el Dr. Ramon Salazar Director de Coordinaci\u00f3n en representaci\u00f3n del [&hellip;]<\/p>\n","protected":false},"author":4,"featured_media":92703,"comment_status":"open","ping_status":"closed","sticky":false,"template":"","format":"standard","meta":{"om_disable_all_campaigns":false,"_jetpack_memberships_contains_paid_content":false,"footnotes":""},"categories":[2],"tags":[],"class_list":["post-92702","post","type-post","status-publish","format-standard","has-post-thumbnail","hentry","category-locales"],"aioseo_notices":[],"gutentor_comment":0,"jetpack_featured_media_url":"https:\/\/eldiariodesanpedro.com.ar\/sitio\/wp-content\/uploads\/2021\/05\/20210517_190556-scaled-e1621295480471.jpg","jetpack_shortlink":"https:\/\/wp.me\/p6RhLt-o7c","jetpack_sharing_enabled":true,"_links":{"self":[{"href":"https:\/\/eldiariodesanpedro.com.ar\/sitio\/wp-json\/wp\/v2\/posts\/92702","targetHints":{"allow":["GET"]}}],"collection":[{"href":"https:\/\/eldiariodesanpedro.com.ar\/sitio\/wp-json\/wp\/v2\/posts"}],"about":[{"href":"https:\/\/eldiariodesanpedro.com.ar\/sitio\/wp-json\/wp\/v2\/types\/post"}],"author":[{"embeddable":true,"href":"https:\/\/eldiariodesanpedro.com.ar\/sitio\/wp-json\/wp\/v2\/users\/4"}],"replies":[{"embeddable":true,"href":"https:\/\/eldiariodesanpedro.com.ar\/sitio\/wp-json\/wp\/v2\/comments?post=92702"}],"version-history":[{"count":2,"href":"https:\/\/eldiariodesanpedro.com.ar\/sitio\/wp-json\/wp\/v2\/posts\/92702\/revisions"}],"predecessor-version":[{"id":92705,"href":"https:\/\/eldiariodesanpedro.com.ar\/sitio\/wp-json\/wp\/v2\/posts\/92702\/revisions\/92705"}],"wp:featuredmedia":[{"embeddable":true,"href":"https:\/\/eldiariodesanpedro.com.ar\/sitio\/wp-json\/wp\/v2\/media\/92703"}],"wp:attachment":[{"href":"https:\/\/eldiariodesanpedro.com.ar\/sitio\/wp-json\/wp\/v2\/media?parent=92702"}],"wp:term":[{"taxonomy":"category","embeddable":true,"href":"https:\/\/eldiariodesanpedro.com.ar\/sitio\/wp-json\/wp\/v2\/categories?post=92702"},{"taxonomy":"post_tag","embeddable":true,"href":"https:\/\/eldiariodesanpedro.com.ar\/sitio\/wp-json\/wp\/v2\/tags?post=92702"}],"curies":[{"name":"wp","href":"https:\/\/api.w.org\/{rel}","templated":true}]}}