{"id":92696,"date":"2021-05-17T12:47:00","date_gmt":"2021-05-17T15:47:00","guid":{"rendered":"https:\/\/eldiariodesanpedro.com.ar\/sitio\/?p=92696"},"modified":"2021-05-17T12:47:04","modified_gmt":"2021-05-17T15:47:04","slug":"circulo-medico-el-peor-momento","status":"publish","type":"post","link":"https:\/\/eldiariodesanpedro.com.ar\/sitio\/circulo-medico-el-peor-momento\/","title":{"rendered":"Circulo Medico: \u00abEl peor momento&#8230;\u00bb"},"content":{"rendered":"<!-- VideographyWP Plugin Message: Automatic video embedding prevented by plugin options. -->\n\n<p>Desde el C\u00edrculo M\u00e9dico de San Pedro se informa a la poblaci\u00f3n que lamentablemente hemos llegado al peor momento desde el inicio de la Pandemia de Covid-19, con una alarmante confluencia de situaciones que colocan a nuestro sistema de salud en una situaci\u00f3n alarmante.<\/p>\n\n\n\n<p>Al desgaste de los recursos humanos que vienen trabajando sin descanso desde hace m\u00e1s de un a\u00f1o se suman en las \u00faltimas horas el agotamiento de la capacidad de internaci\u00f3n para pacientes corrientes y con patolog\u00eda Covid tanto en el sistema p\u00fablico como privado, el faltante de ox\u00edgeno y un panorama complejo en toda la regi\u00f3n que dificulta las posibles derivaciones.<\/p>\n\n\n\n<p>Esperamos que las restricciones que se anuncien oficialmente tengan el efecto buscado para disminuir la cantidad de consultas, casos positivos e internaciones.<\/p>\n\n\n\n<p>Lamentamos mucho que haya sido necesario llegar a este momento tan angustiante para todos y volvemos a hacer un llamado a la responsabilidad de toda nuestra comunidad.<\/p>\n\n\n\n<p><strong>Adhieren a este comunicado Cl\u00ednica Privada San Pedro y Sanatorio COOPSER.<\/strong><\/p>\n","protected":false},"excerpt":{"rendered":"<p>Desde el C\u00edrculo M\u00e9dico de San Pedro se informa a la poblaci\u00f3n que lamentablemente hemos llegado al peor momento desde el inicio de la Pandemia de Covid-19, con una alarmante confluencia de situaciones que colocan a nuestro sistema de salud en una situaci\u00f3n alarmante. Al desgaste de los recursos humanos que vienen trabajando sin descanso [&hellip;]<\/p>\n","protected":false},"author":4,"featured_media":92697,"comment_status":"open","ping_status":"closed","sticky":false,"template":"","format":"standard","meta":{"om_disable_all_campaigns":false,"_jetpack_memberships_contains_paid_content":false,"footnotes":""},"categories":[50,101,2],"tags":[],"class_list":["post-92696","post","type-post","status-publish","format-standard","has-post-thumbnail","hentry","category-destacadas","category-interes-general-locales","category-locales"],"aioseo_notices":[],"gutentor_comment":0,"jetpack_featured_media_url":"https:\/\/eldiariodesanpedro.com.ar\/sitio\/wp-content\/uploads\/2021\/05\/EL-PEOR-MOMENTO.png","jetpack_shortlink":"https:\/\/wp.me\/p6RhLt-o76","jetpack_sharing_enabled":true,"_links":{"self":[{"href":"https:\/\/eldiariodesanpedro.com.ar\/sitio\/wp-json\/wp\/v2\/posts\/92696","targetHints":{"allow":["GET"]}}],"collection":[{"href":"https:\/\/eldiariodesanpedro.com.ar\/sitio\/wp-json\/wp\/v2\/posts"}],"about":[{"href":"https:\/\/eldiariodesanpedro.com.ar\/sitio\/wp-json\/wp\/v2\/types\/post"}],"author":[{"embeddable":true,"href":"https:\/\/eldiariodesanpedro.com.ar\/sitio\/wp-json\/wp\/v2\/users\/4"}],"replies":[{"embeddable":true,"href":"https:\/\/eldiariodesanpedro.com.ar\/sitio\/wp-json\/wp\/v2\/comments?post=92696"}],"version-history":[{"count":1,"href":"https:\/\/eldiariodesanpedro.com.ar\/sitio\/wp-json\/wp\/v2\/posts\/92696\/revisions"}],"predecessor-version":[{"id":92698,"href":"https:\/\/eldiariodesanpedro.com.ar\/sitio\/wp-json\/wp\/v2\/posts\/92696\/revisions\/92698"}],"wp:featuredmedia":[{"embeddable":true,"href":"https:\/\/eldiariodesanpedro.com.ar\/sitio\/wp-json\/wp\/v2\/media\/92697"}],"wp:attachment":[{"href":"https:\/\/eldiariodesanpedro.com.ar\/sitio\/wp-json\/wp\/v2\/media?parent=92696"}],"wp:term":[{"taxonomy":"category","embeddable":true,"href":"https:\/\/eldiariodesanpedro.com.ar\/sitio\/wp-json\/wp\/v2\/categories?post=92696"},{"taxonomy":"post_tag","embeddable":true,"href":"https:\/\/eldiariodesanpedro.com.ar\/sitio\/wp-json\/wp\/v2\/tags?post=92696"}],"curies":[{"name":"wp","href":"https:\/\/api.w.org\/{rel}","templated":true}]}}