{"id":92687,"date":"2021-05-17T11:53:10","date_gmt":"2021-05-17T14:53:10","guid":{"rendered":"https:\/\/eldiariodesanpedro.com.ar\/sitio\/?p=92687"},"modified":"2021-05-17T11:53:16","modified_gmt":"2021-05-17T14:53:16","slug":"denuncio-que-le-hackearon-el-correo-y-realizaron-transferencia-bancarias","status":"publish","type":"post","link":"https:\/\/eldiariodesanpedro.com.ar\/sitio\/denuncio-que-le-hackearon-el-correo-y-realizaron-transferencia-bancarias\/","title":{"rendered":"Denunci\u00f3 que le hackearon el correo y realizaron transferencia bancarias"},"content":{"rendered":"<!-- VideographyWP Plugin Message: Automatic video embedding prevented by plugin options. -->\n\n<p>Este domingo en la comisar\u00eda de nuestra ciudad denunci\u00f3 un masculino de 34 a\u00f1os, que d\u00edas atr\u00e1s logr\u00f3 constatar que desconocidos hackearon cuenta de correo electr\u00f3nico, y del mismo realizaron transacciones bancarias, desconociendo origen de dichas cuentas.<\/p>\n","protected":false},"excerpt":{"rendered":"<p>Este domingo en la comisar\u00eda de nuestra ciudad denunci\u00f3 un masculino de 34 a\u00f1os, que d\u00edas atr\u00e1s logr\u00f3 constatar que desconocidos hackearon cuenta de correo electr\u00f3nico, y del mismo realizaron transacciones bancarias, desconociendo origen de dichas cuentas.<\/p>\n","protected":false},"author":4,"featured_media":92688,"comment_status":"open","ping_status":"closed","sticky":false,"template":"","format":"standard","meta":{"om_disable_all_campaigns":false,"_jetpack_memberships_contains_paid_content":false,"footnotes":""},"categories":[2,103],"tags":[],"class_list":["post-92687","post","type-post","status-publish","format-standard","has-post-thumbnail","hentry","category-locales","category-policiales-locales"],"aioseo_notices":[],"gutentor_comment":0,"jetpack_featured_media_url":"https:\/\/eldiariodesanpedro.com.ar\/sitio\/wp-content\/uploads\/2021\/05\/151118171835_ciberdelito_624x351_thinkstock_nocredit.jpg","jetpack_shortlink":"https:\/\/wp.me\/p6RhLt-o6X","jetpack_sharing_enabled":true,"_links":{"self":[{"href":"https:\/\/eldiariodesanpedro.com.ar\/sitio\/wp-json\/wp\/v2\/posts\/92687","targetHints":{"allow":["GET"]}}],"collection":[{"href":"https:\/\/eldiariodesanpedro.com.ar\/sitio\/wp-json\/wp\/v2\/posts"}],"about":[{"href":"https:\/\/eldiariodesanpedro.com.ar\/sitio\/wp-json\/wp\/v2\/types\/post"}],"author":[{"embeddable":true,"href":"https:\/\/eldiariodesanpedro.com.ar\/sitio\/wp-json\/wp\/v2\/users\/4"}],"replies":[{"embeddable":true,"href":"https:\/\/eldiariodesanpedro.com.ar\/sitio\/wp-json\/wp\/v2\/comments?post=92687"}],"version-history":[{"count":1,"href":"https:\/\/eldiariodesanpedro.com.ar\/sitio\/wp-json\/wp\/v2\/posts\/92687\/revisions"}],"predecessor-version":[{"id":92689,"href":"https:\/\/eldiariodesanpedro.com.ar\/sitio\/wp-json\/wp\/v2\/posts\/92687\/revisions\/92689"}],"wp:featuredmedia":[{"embeddable":true,"href":"https:\/\/eldiariodesanpedro.com.ar\/sitio\/wp-json\/wp\/v2\/media\/92688"}],"wp:attachment":[{"href":"https:\/\/eldiariodesanpedro.com.ar\/sitio\/wp-json\/wp\/v2\/media?parent=92687"}],"wp:term":[{"taxonomy":"category","embeddable":true,"href":"https:\/\/eldiariodesanpedro.com.ar\/sitio\/wp-json\/wp\/v2\/categories?post=92687"},{"taxonomy":"post_tag","embeddable":true,"href":"https:\/\/eldiariodesanpedro.com.ar\/sitio\/wp-json\/wp\/v2\/tags?post=92687"}],"curies":[{"name":"wp","href":"https:\/\/api.w.org\/{rel}","templated":true}]}}