{"id":92682,"date":"2021-05-17T11:35:57","date_gmt":"2021-05-17T14:35:57","guid":{"rendered":"https:\/\/eldiariodesanpedro.com.ar\/sitio\/?p=92682"},"modified":"2021-05-17T11:36:21","modified_gmt":"2021-05-17T14:36:21","slug":"a-las-19-hs-habra-conferencia-de-prensa-para-anunciar-el-pase-a-fase-2","status":"publish","type":"post","link":"https:\/\/eldiariodesanpedro.com.ar\/sitio\/a-las-19-hs-habra-conferencia-de-prensa-para-anunciar-el-pase-a-fase-2\/","title":{"rendered":"A las 19 hs habr\u00e1 conferencia de prensa para anunciar el pase a fase 2"},"content":{"rendered":"<!-- VideographyWP Plugin Message: Automatic video embedding prevented by plugin options. -->\n\n<p>La Municipalidad de San Pedro informa que ante la notificaci\u00f3n recibida ayer desde Regi\u00f3n Sanitaria IV sobre la circulaci\u00f3n de una nueva cepa de SARS-Cov2 en nuestro distrito y la lamentable escalada de casos positivos que ha puesto en situaci\u00f3n cr\u00edtica a nuestro sistema de salud se ha resuelto establecer para el Partido de San Pedro, los alcances de la FASE 2, dentro del esquema que establece el gobierno de la Provincia de Buenos Aires.<\/p>\n\n\n\n<p>Desde primera hora del d\u00eda se mantienen reuniones relacionadas con esta situaci\u00f3n y luego a las 19 se brindar\u00e1n detalles de los alcances de esta determinaci\u00f3n en una conferencia de prensa en el despacho del Intendente Municipal.<\/p>\n","protected":false},"excerpt":{"rendered":"<p>La Municipalidad de San Pedro informa que ante la notificaci\u00f3n recibida ayer desde Regi\u00f3n Sanitaria IV sobre la circulaci\u00f3n de una nueva cepa de SARS-Cov2 en nuestro distrito y la lamentable escalada de casos positivos que ha puesto en situaci\u00f3n cr\u00edtica a nuestro sistema de salud se ha resuelto establecer para el Partido de San [&hellip;]<\/p>\n","protected":false},"author":4,"featured_media":91553,"comment_status":"open","ping_status":"closed","sticky":false,"template":"","format":"standard","meta":{"om_disable_all_campaigns":false,"_jetpack_memberships_contains_paid_content":false,"footnotes":""},"categories":[2],"tags":[],"class_list":["post-92682","post","type-post","status-publish","format-standard","has-post-thumbnail","hentry","category-locales"],"aioseo_notices":[],"gutentor_comment":0,"jetpack_featured_media_url":"https:\/\/eldiariodesanpedro.com.ar\/sitio\/wp-content\/uploads\/2021\/04\/WhatsApp-Image-2021-04-27-at-16.46.32.jpeg","jetpack_shortlink":"https:\/\/wp.me\/p6RhLt-o6S","jetpack_sharing_enabled":true,"_links":{"self":[{"href":"https:\/\/eldiariodesanpedro.com.ar\/sitio\/wp-json\/wp\/v2\/posts\/92682","targetHints":{"allow":["GET"]}}],"collection":[{"href":"https:\/\/eldiariodesanpedro.com.ar\/sitio\/wp-json\/wp\/v2\/posts"}],"about":[{"href":"https:\/\/eldiariodesanpedro.com.ar\/sitio\/wp-json\/wp\/v2\/types\/post"}],"author":[{"embeddable":true,"href":"https:\/\/eldiariodesanpedro.com.ar\/sitio\/wp-json\/wp\/v2\/users\/4"}],"replies":[{"embeddable":true,"href":"https:\/\/eldiariodesanpedro.com.ar\/sitio\/wp-json\/wp\/v2\/comments?post=92682"}],"version-history":[{"count":2,"href":"https:\/\/eldiariodesanpedro.com.ar\/sitio\/wp-json\/wp\/v2\/posts\/92682\/revisions"}],"predecessor-version":[{"id":92684,"href":"https:\/\/eldiariodesanpedro.com.ar\/sitio\/wp-json\/wp\/v2\/posts\/92682\/revisions\/92684"}],"wp:featuredmedia":[{"embeddable":true,"href":"https:\/\/eldiariodesanpedro.com.ar\/sitio\/wp-json\/wp\/v2\/media\/91553"}],"wp:attachment":[{"href":"https:\/\/eldiariodesanpedro.com.ar\/sitio\/wp-json\/wp\/v2\/media?parent=92682"}],"wp:term":[{"taxonomy":"category","embeddable":true,"href":"https:\/\/eldiariodesanpedro.com.ar\/sitio\/wp-json\/wp\/v2\/categories?post=92682"},{"taxonomy":"post_tag","embeddable":true,"href":"https:\/\/eldiariodesanpedro.com.ar\/sitio\/wp-json\/wp\/v2\/tags?post=92682"}],"curies":[{"name":"wp","href":"https:\/\/api.w.org\/{rel}","templated":true}]}}