{"id":92662,"date":"2021-05-16T20:17:41","date_gmt":"2021-05-16T23:17:41","guid":{"rendered":"https:\/\/eldiariodesanpedro.com.ar\/sitio\/?p=92662"},"modified":"2021-05-16T20:17:45","modified_gmt":"2021-05-16T23:17:45","slug":"los-concejales-tiramonti-y-pelletier-se-reunieron-con-rodriguez-larreta-y-ritondo","status":"publish","type":"post","link":"https:\/\/eldiariodesanpedro.com.ar\/sitio\/los-concejales-tiramonti-y-pelletier-se-reunieron-con-rodriguez-larreta-y-ritondo\/","title":{"rendered":"Los concejales Tiramonti y Pelletier se reunieron con Rodr\u00edguez Larreta y Ritondo"},"content":{"rendered":"<!-- VideographyWP Plugin Message: Automatic video embedding prevented by plugin options. -->\n\n<p>Los ediles del frente Juntos por el Cambio estuvieron con el representante de la Ciudad Aut\u00f3noma de Buenos Aires y el legislador Bonaerense.<\/p>\n\n\n\n<p>Los concejales sampedrinos Ana Tiramonti y Gerardo Pelletier, del bloque Juntos por el Cambio, fueron recibidos por el Jefe de Gobierno Porte\u00f1o, Horacio Rodr\u00edguez Larreta, y el Diputado Nacional Cristian Ritondo.<\/p>\n\n\n\n<p>El encuentro form\u00f3 parte de las actividades que los ediles de nuestra ciudad vienen desarrollando en un a\u00f1o electoral.<\/p>\n\n\n\n<p>A la vez, tanto Tiramonti como Pelletier, se ha diferenciado claramente, y no est\u00e1n formando parte del otro grupo de dirigentes que representan al mismo sector y aun es una inc\u00f3gnita saber qu\u00e9 va a pasar, m\u00e1s aun si se tiene en cuenta que la UCR tambi\u00e9n forma parte del frente.<\/p>\n\n\n\n<p>\u201cGracias Horacio Rodriguez Larreta y Cristian Ritondo por recibirnos. Tuvimos una excelente reuni\u00f3n, donde pudimos repasar distintos temas vinculados a la gesti\u00f3n y actualidad\u201d.<\/p>\n\n\n\n<p>\u201cVamos a seguir trabajando juntos por nuestra querida ciudad\u201d, se\u00f1al\u00f3 Pelletier. \u00a0<\/p>\n\n\n\n<p>Fuente: <a href=\"https:\/\/www.sanpedroinforma.com.ar\/nota\/124189\/politica\/los-concejales-tiramonti-y-pelletier-se-reunieron-con-rodriguez-larreta-y-ritondo.html\">San Pedro Informa<\/a><\/p>\n","protected":false},"excerpt":{"rendered":"<p>Los ediles del frente Juntos por el Cambio estuvieron con el representante de la Ciudad Aut\u00f3noma de Buenos Aires y el legislador Bonaerense. Los concejales sampedrinos Ana Tiramonti y Gerardo Pelletier, del bloque Juntos por el Cambio, fueron recibidos por el Jefe de Gobierno Porte\u00f1o, Horacio Rodr\u00edguez Larreta, y el Diputado Nacional Cristian Ritondo. El [&hellip;]<\/p>\n","protected":false},"author":4,"featured_media":92663,"comment_status":"open","ping_status":"closed","sticky":false,"template":"","format":"standard","meta":{"om_disable_all_campaigns":false,"_jetpack_memberships_contains_paid_content":false,"footnotes":""},"categories":[50,2,102],"tags":[],"class_list":["post-92662","post","type-post","status-publish","format-standard","has-post-thumbnail","hentry","category-destacadas","category-locales","category-politica-locales"],"aioseo_notices":[],"gutentor_comment":0,"jetpack_featured_media_url":"https:\/\/eldiariodesanpedro.com.ar\/sitio\/wp-content\/uploads\/2021\/05\/000091451.jpg","jetpack_shortlink":"https:\/\/wp.me\/p6RhLt-o6y","jetpack_sharing_enabled":true,"_links":{"self":[{"href":"https:\/\/eldiariodesanpedro.com.ar\/sitio\/wp-json\/wp\/v2\/posts\/92662","targetHints":{"allow":["GET"]}}],"collection":[{"href":"https:\/\/eldiariodesanpedro.com.ar\/sitio\/wp-json\/wp\/v2\/posts"}],"about":[{"href":"https:\/\/eldiariodesanpedro.com.ar\/sitio\/wp-json\/wp\/v2\/types\/post"}],"author":[{"embeddable":true,"href":"https:\/\/eldiariodesanpedro.com.ar\/sitio\/wp-json\/wp\/v2\/users\/4"}],"replies":[{"embeddable":true,"href":"https:\/\/eldiariodesanpedro.com.ar\/sitio\/wp-json\/wp\/v2\/comments?post=92662"}],"version-history":[{"count":1,"href":"https:\/\/eldiariodesanpedro.com.ar\/sitio\/wp-json\/wp\/v2\/posts\/92662\/revisions"}],"predecessor-version":[{"id":92664,"href":"https:\/\/eldiariodesanpedro.com.ar\/sitio\/wp-json\/wp\/v2\/posts\/92662\/revisions\/92664"}],"wp:featuredmedia":[{"embeddable":true,"href":"https:\/\/eldiariodesanpedro.com.ar\/sitio\/wp-json\/wp\/v2\/media\/92663"}],"wp:attachment":[{"href":"https:\/\/eldiariodesanpedro.com.ar\/sitio\/wp-json\/wp\/v2\/media?parent=92662"}],"wp:term":[{"taxonomy":"category","embeddable":true,"href":"https:\/\/eldiariodesanpedro.com.ar\/sitio\/wp-json\/wp\/v2\/categories?post=92662"},{"taxonomy":"post_tag","embeddable":true,"href":"https:\/\/eldiariodesanpedro.com.ar\/sitio\/wp-json\/wp\/v2\/tags?post=92662"}],"curies":[{"name":"wp","href":"https:\/\/api.w.org\/{rel}","templated":true}]}}