{"id":92659,"date":"2021-05-16T20:15:24","date_gmt":"2021-05-16T23:15:24","guid":{"rendered":"https:\/\/eldiariodesanpedro.com.ar\/sitio\/?p=92659"},"modified":"2021-05-16T20:15:28","modified_gmt":"2021-05-16T23:15:28","slug":"alexa-pettone-estoy-super-contenta-con-todo-esto-que-me-esta-tocando-vivir","status":"publish","type":"post","link":"https:\/\/eldiariodesanpedro.com.ar\/sitio\/alexa-pettone-estoy-super-contenta-con-todo-esto-que-me-esta-tocando-vivir\/","title":{"rendered":"Alexa Pettone: \u201cEstoy s\u00faper contenta con todo esto que me est\u00e1 tocando vivir\u201d"},"content":{"rendered":"<!-- VideographyWP Plugin Message: Automatic video embedding prevented by plugin options. -->\n\n<p>La joven sampedrina fue convocada para estar en la pel\u00edcula \u201cYo nena, yo princesa\u201d que protagonizan Eleonora Wexler y Juan Palomino.<\/p>\n\n\n\n<p>Hace cuatro semanas comenz\u00f3 el rodaje sobre el caso de Luana, el primero en que se reconoci\u00f3 la identidad de g\u00e9nero asumida por una ni\u00f1a. El filme lo protagonizan Eleonora Wexler y Juan Palomino.<\/p>\n\n\n\n<p>\u201cYo nena, yo princesa\u201d, es la primera pel\u00edcula argentina sobre infancia trans y en ella interviene la trans sampedrina Alexa Pettone, quien ya comenz\u00f3 a grabar su papel y dio detalles de esta nueva etapa en su vida a trav\u00e9s del aire de FM G\u00e9nesis. &nbsp;&nbsp;<\/p>\n\n\n\n<p>\u201cEstoy s\u00faper contenta de todo esto que me est\u00e1 tocando vivir\u201d, manifest\u00f3 Alexa. \u201cYo empec\u00e9 a gravar a partir de la escena n\u00famero 83 y hace cuatro semanas que empez\u00f3 el rodaje de la pel\u00edcula\u201d.<\/p>\n\n\n\n<p>\u201cYo nena, yo princesa, es la historia de un libro, es una historia muy fuerte, linda de contar\u201d, destac\u00f3.<\/p>\n\n\n\n<p>Con respecto a c\u00f3mo se dio su participaci\u00f3n en la pel\u00edcula, Alexa Pettone se\u00f1al\u00f3: \u201cTodo fue muy extra\u00f1o, fue a trav\u00e9s de instagram, me preguntaron si era actriz, me ayud\u00f3 mucho Fausto Olmos, y me pusieron en contacto con un representantes\u201d.<\/p>\n\n\n\n<p>\u201cPasaron unos meses largos hasta que me convocaron para estar y poder llegar a compartir momentos con grandes actrices es un sue\u00f1o\u201d.<\/p>\n\n\n\n<p>\u201cEs un papel chiquito pero quiero que est\u00e9s s\u00ed o s\u00ed, me dijo el director\u201d, as\u00ed que no lo dud\u00e9 y fui. Ahora ya s\u00e9 que debo estudiar y perfeccionarme para crecer en esta nueva etapa de mi vida\u201d.<\/p>\n\n\n\n<p>\u201cYo nena, yo princesa\u201d, es una pel\u00edcula de Federico Palazzo \u00a0y est\u00e1 basada en el libro que escribi\u00f3 Gabriela Mansilla sobre la historia de Luana, su hija, la primera nena trans del mundo que cambi\u00f3 su identidad sexual.<\/p>\n\n\n\n<p>Fuente: <a href=\"https:\/\/www.sanpedroinforma.com.ar\/nota\/124187\/interes-general\/alexa-pettone-estoy-super-contenta-con-todo-esto-que-me-esta-tocando-vivir.html\">San Pedro Informa<\/a><\/p>\n","protected":false},"excerpt":{"rendered":"<p>La joven sampedrina fue convocada para estar en la pel\u00edcula \u201cYo nena, yo princesa\u201d que protagonizan Eleonora Wexler y Juan Palomino. Hace cuatro semanas comenz\u00f3 el rodaje sobre el caso de Luana, el primero en que se reconoci\u00f3 la identidad de g\u00e9nero asumida por una ni\u00f1a. El filme lo protagonizan Eleonora Wexler y Juan Palomino. [&hellip;]<\/p>\n","protected":false},"author":4,"featured_media":92660,"comment_status":"open","ping_status":"closed","sticky":false,"template":"","format":"standard","meta":{"om_disable_all_campaigns":false,"_jetpack_memberships_contains_paid_content":false,"footnotes":""},"categories":[50,101,2],"tags":[],"class_list":["post-92659","post","type-post","status-publish","format-standard","has-post-thumbnail","hentry","category-destacadas","category-interes-general-locales","category-locales"],"aioseo_notices":[],"gutentor_comment":0,"jetpack_featured_media_url":"https:\/\/eldiariodesanpedro.com.ar\/sitio\/wp-content\/uploads\/2021\/05\/000091435.jpg","jetpack_shortlink":"https:\/\/wp.me\/p6RhLt-o6v","jetpack_sharing_enabled":true,"_links":{"self":[{"href":"https:\/\/eldiariodesanpedro.com.ar\/sitio\/wp-json\/wp\/v2\/posts\/92659","targetHints":{"allow":["GET"]}}],"collection":[{"href":"https:\/\/eldiariodesanpedro.com.ar\/sitio\/wp-json\/wp\/v2\/posts"}],"about":[{"href":"https:\/\/eldiariodesanpedro.com.ar\/sitio\/wp-json\/wp\/v2\/types\/post"}],"author":[{"embeddable":true,"href":"https:\/\/eldiariodesanpedro.com.ar\/sitio\/wp-json\/wp\/v2\/users\/4"}],"replies":[{"embeddable":true,"href":"https:\/\/eldiariodesanpedro.com.ar\/sitio\/wp-json\/wp\/v2\/comments?post=92659"}],"version-history":[{"count":1,"href":"https:\/\/eldiariodesanpedro.com.ar\/sitio\/wp-json\/wp\/v2\/posts\/92659\/revisions"}],"predecessor-version":[{"id":92661,"href":"https:\/\/eldiariodesanpedro.com.ar\/sitio\/wp-json\/wp\/v2\/posts\/92659\/revisions\/92661"}],"wp:featuredmedia":[{"embeddable":true,"href":"https:\/\/eldiariodesanpedro.com.ar\/sitio\/wp-json\/wp\/v2\/media\/92660"}],"wp:attachment":[{"href":"https:\/\/eldiariodesanpedro.com.ar\/sitio\/wp-json\/wp\/v2\/media?parent=92659"}],"wp:term":[{"taxonomy":"category","embeddable":true,"href":"https:\/\/eldiariodesanpedro.com.ar\/sitio\/wp-json\/wp\/v2\/categories?post=92659"},{"taxonomy":"post_tag","embeddable":true,"href":"https:\/\/eldiariodesanpedro.com.ar\/sitio\/wp-json\/wp\/v2\/tags?post=92659"}],"curies":[{"name":"wp","href":"https:\/\/api.w.org\/{rel}","templated":true}]}}