{"id":92635,"date":"2021-05-16T18:29:43","date_gmt":"2021-05-16T21:29:43","guid":{"rendered":"https:\/\/eldiariodesanpedro.com.ar\/sitio\/?p=92635"},"modified":"2021-05-16T18:31:39","modified_gmt":"2021-05-16T21:31:39","slug":"este-domingo-por-la-manana-fallecio-elsa-della-picca-de-89-anos-de-coronavirus","status":"publish","type":"post","link":"https:\/\/eldiariodesanpedro.com.ar\/sitio\/este-domingo-por-la-manana-fallecio-elsa-della-picca-de-89-anos-de-coronavirus\/","title":{"rendered":"Este domingo por la ma\u00f1ana falleci\u00f3 Elsa Della Picca de 89 a\u00f1os de coronavirus"},"content":{"rendered":"<!-- VideographyWP Plugin Message: Automatic video embedding prevented by plugin options. -->\n\n<p>La Secretar\u00eda de Salud de la Municipalidad de San Pedro informa el fallecimiento de la Sra. Elsa Della Picca de 89 a\u00f1os, internada con COVID-19 positivo en sanatorio privado.<\/p>\n\n\n\n<p>Se trata de una paciente oriunda de Gerli, Avellaneda (Provincia de Buenos Aires) con familiares en San Pedro que se encontraba residiendo temporalmente en nuestra ciudad.<\/p>\n\n\n\n<p>Hacemos llegar nuestro acompa\u00f1amiento y condolencias a sus familiares y seres queridos.<\/p>\n","protected":false},"excerpt":{"rendered":"<p>La Secretar\u00eda de Salud de la Municipalidad de San Pedro informa el fallecimiento de la Sra. Elsa Della Picca de 89 a\u00f1os, internada con COVID-19 positivo en sanatorio privado. Se trata de una paciente oriunda de Gerli, Avellaneda (Provincia de Buenos Aires) con familiares en San Pedro que se encontraba residiendo temporalmente en nuestra ciudad. [&hellip;]<\/p>\n","protected":false},"author":4,"featured_media":77464,"comment_status":"open","ping_status":"closed","sticky":false,"template":"","format":"standard","meta":{"om_disable_all_campaigns":false,"_jetpack_memberships_contains_paid_content":false,"footnotes":""},"categories":[50,101,2],"tags":[],"class_list":["post-92635","post","type-post","status-publish","format-standard","has-post-thumbnail","hentry","category-destacadas","category-interes-general-locales","category-locales"],"aioseo_notices":[],"gutentor_comment":0,"jetpack_featured_media_url":"https:\/\/eldiariodesanpedro.com.ar\/sitio\/wp-content\/uploads\/2020\/07\/5e87e1dede692.jpeg","jetpack_shortlink":"https:\/\/wp.me\/p6RhLt-o67","jetpack_sharing_enabled":true,"_links":{"self":[{"href":"https:\/\/eldiariodesanpedro.com.ar\/sitio\/wp-json\/wp\/v2\/posts\/92635","targetHints":{"allow":["GET"]}}],"collection":[{"href":"https:\/\/eldiariodesanpedro.com.ar\/sitio\/wp-json\/wp\/v2\/posts"}],"about":[{"href":"https:\/\/eldiariodesanpedro.com.ar\/sitio\/wp-json\/wp\/v2\/types\/post"}],"author":[{"embeddable":true,"href":"https:\/\/eldiariodesanpedro.com.ar\/sitio\/wp-json\/wp\/v2\/users\/4"}],"replies":[{"embeddable":true,"href":"https:\/\/eldiariodesanpedro.com.ar\/sitio\/wp-json\/wp\/v2\/comments?post=92635"}],"version-history":[{"count":2,"href":"https:\/\/eldiariodesanpedro.com.ar\/sitio\/wp-json\/wp\/v2\/posts\/92635\/revisions"}],"predecessor-version":[{"id":92638,"href":"https:\/\/eldiariodesanpedro.com.ar\/sitio\/wp-json\/wp\/v2\/posts\/92635\/revisions\/92638"}],"wp:featuredmedia":[{"embeddable":true,"href":"https:\/\/eldiariodesanpedro.com.ar\/sitio\/wp-json\/wp\/v2\/media\/77464"}],"wp:attachment":[{"href":"https:\/\/eldiariodesanpedro.com.ar\/sitio\/wp-json\/wp\/v2\/media?parent=92635"}],"wp:term":[{"taxonomy":"category","embeddable":true,"href":"https:\/\/eldiariodesanpedro.com.ar\/sitio\/wp-json\/wp\/v2\/categories?post=92635"},{"taxonomy":"post_tag","embeddable":true,"href":"https:\/\/eldiariodesanpedro.com.ar\/sitio\/wp-json\/wp\/v2\/tags?post=92635"}],"curies":[{"name":"wp","href":"https:\/\/api.w.org\/{rel}","templated":true}]}}