{"id":92630,"date":"2021-05-16T12:12:08","date_gmt":"2021-05-16T15:12:08","guid":{"rendered":"https:\/\/eldiariodesanpedro.com.ar\/sitio\/?p=92630"},"modified":"2021-05-16T12:12:12","modified_gmt":"2021-05-16T15:12:12","slug":"se-inauguro-la-muestra-pintando-patria","status":"publish","type":"post","link":"https:\/\/eldiariodesanpedro.com.ar\/sitio\/se-inauguro-la-muestra-pintando-patria\/","title":{"rendered":"Se inauguro la muestra \u00abPintando Patria\u00bb"},"content":{"rendered":"<!-- VideographyWP Plugin Message: Automatic video embedding prevented by plugin options. -->\n\n<p>En la tarde del pasado s\u00e1bado, en el marco de las muestras mensuales organizadas por la Asociaci\u00f3n de Amigos del Centro de Estudios Hist\u00f3ricos de San Pedro, ha quedado formalmente inaugurada la exposici\u00f3n colectiva \u00abPINTANDO PATRIA\u00bb.<\/p>\n\n\n\n<p>Quedan todos invitados a disfrutar de las obras que nos ofrecen vecinos sampedrinos, quienes forman parte del taller que funciona en la Sociedad Italiana local y que coordina la profesora Mirta Giosa.<\/p>\n","protected":false},"excerpt":{"rendered":"<p>En la tarde del pasado s\u00e1bado, en el marco de las muestras mensuales organizadas por la Asociaci\u00f3n de Amigos del Centro de Estudios Hist\u00f3ricos de San Pedro, ha quedado formalmente inaugurada la exposici\u00f3n colectiva \u00abPINTANDO PATRIA\u00bb. Quedan todos invitados a disfrutar de las obras que nos ofrecen vecinos sampedrinos, quienes forman parte del taller que [&hellip;]<\/p>\n","protected":false},"author":4,"featured_media":92631,"comment_status":"open","ping_status":"closed","sticky":false,"template":"","format":"standard","meta":{"om_disable_all_campaigns":false,"_jetpack_memberships_contains_paid_content":false,"footnotes":""},"categories":[101,2],"tags":[],"class_list":["post-92630","post","type-post","status-publish","format-standard","has-post-thumbnail","hentry","category-interes-general-locales","category-locales"],"aioseo_notices":[],"gutentor_comment":0,"jetpack_featured_media_url":"https:\/\/eldiariodesanpedro.com.ar\/sitio\/wp-content\/uploads\/2021\/05\/FLYER-MAYO.jpg","jetpack_shortlink":"https:\/\/wp.me\/p6RhLt-o62","jetpack_sharing_enabled":true,"_links":{"self":[{"href":"https:\/\/eldiariodesanpedro.com.ar\/sitio\/wp-json\/wp\/v2\/posts\/92630","targetHints":{"allow":["GET"]}}],"collection":[{"href":"https:\/\/eldiariodesanpedro.com.ar\/sitio\/wp-json\/wp\/v2\/posts"}],"about":[{"href":"https:\/\/eldiariodesanpedro.com.ar\/sitio\/wp-json\/wp\/v2\/types\/post"}],"author":[{"embeddable":true,"href":"https:\/\/eldiariodesanpedro.com.ar\/sitio\/wp-json\/wp\/v2\/users\/4"}],"replies":[{"embeddable":true,"href":"https:\/\/eldiariodesanpedro.com.ar\/sitio\/wp-json\/wp\/v2\/comments?post=92630"}],"version-history":[{"count":1,"href":"https:\/\/eldiariodesanpedro.com.ar\/sitio\/wp-json\/wp\/v2\/posts\/92630\/revisions"}],"predecessor-version":[{"id":92632,"href":"https:\/\/eldiariodesanpedro.com.ar\/sitio\/wp-json\/wp\/v2\/posts\/92630\/revisions\/92632"}],"wp:featuredmedia":[{"embeddable":true,"href":"https:\/\/eldiariodesanpedro.com.ar\/sitio\/wp-json\/wp\/v2\/media\/92631"}],"wp:attachment":[{"href":"https:\/\/eldiariodesanpedro.com.ar\/sitio\/wp-json\/wp\/v2\/media?parent=92630"}],"wp:term":[{"taxonomy":"category","embeddable":true,"href":"https:\/\/eldiariodesanpedro.com.ar\/sitio\/wp-json\/wp\/v2\/categories?post=92630"},{"taxonomy":"post_tag","embeddable":true,"href":"https:\/\/eldiariodesanpedro.com.ar\/sitio\/wp-json\/wp\/v2\/tags?post=92630"}],"curies":[{"name":"wp","href":"https:\/\/api.w.org\/{rel}","templated":true}]}}