{"id":92624,"date":"2021-05-15T19:39:18","date_gmt":"2021-05-15T22:39:18","guid":{"rendered":"https:\/\/eldiariodesanpedro.com.ar\/sitio\/?p=92624"},"modified":"2021-05-15T19:39:23","modified_gmt":"2021-05-15T22:39:23","slug":"como-afecta-la-virtualidad-en-la-desercion-escolar","status":"publish","type":"post","link":"https:\/\/eldiariodesanpedro.com.ar\/sitio\/como-afecta-la-virtualidad-en-la-desercion-escolar\/","title":{"rendered":"\u00bfC\u00f3mo afecta la virtualidad en la deserci\u00f3n escolar?"},"content":{"rendered":"<!-- VideographyWP Plugin Message: Automatic video embedding prevented by plugin options. -->\n\n<p>Una encuesta realizada en todo el pa\u00eds, indic\u00f3 que el 11,4% de los hogares del conurbano sufri\u00f3 deserci\u00f3n escolar.<\/p>\n\n\n\n<p>En un relevamiento sobre 6.493 hogares con poblaci\u00f3n escolar del conurbano bonarense, el 11,4% de los encuestados indic\u00f3 conocer a un ni\u00f1o o joven que interrumpi\u00f3 su continuidad escolar en el contexto de la pandemia por coronavirus.<\/p>\n\n\n\n<p>El estudio fue realizado por la organizaci\u00f3n social Movimiento Evita y abarc\u00f3 a un total de 16 mil hogares en todo el pa\u00eds, a las cuales se les consult\u00f3 sobre el funcionamiento de las clases virtuales, el acceso a dispositivos electr\u00f3nicos y a Internet, la realizaci\u00f3n de las tareas, el acompa\u00f1amiento y la deserci\u00f3n escolar.<\/p>\n\n\n\n<p>Entre los encuestados en el conurbano bonaerense, poco m\u00e1s de la mitad de los hogares con poblaci\u00f3n escolar se trataron de ni\u00f1os y ni\u00f1as en el Primario y un 31,7% de adolescentes en etapa del Secundario. Entre ellos, el 51,9% manifest\u00f3 que estudia menos que antes, aunque el 44,4% dijo haber recibido tareas todos los d\u00edas pero menos de un tercio contest\u00f3 haber realizado todas ellas.<\/p>\n\n\n\n<p>Respecto a los dispositivos virtuales, la gran mayor\u00eda se comunic\u00f3 con los docentes a trav\u00e9s de la red Whatsapp (64,4%), seguido de las plataformas de videollamada Zoom y Meet (22,1%), y solo un 5% se conect\u00f3 a trav\u00e9s de plataformas educativas, blog, padlet y mails. A la vez que otros 5,5% dijo haber utilizado las redes sociales Facebook e Instagram.<\/p>\n\n\n\n<figure class=\"wp-block-image size-large\"><img decoding=\"async\" width=\"797\" height=\"508\" data-attachment-id=\"92625\" data-permalink=\"https:\/\/eldiariodesanpedro.com.ar\/sitio\/como-afecta-la-virtualidad-en-la-desercion-escolar\/acceso-dispositivo-conurbanojpg\/\" data-orig-file=\"https:\/\/eldiariodesanpedro.com.ar\/sitio\/wp-content\/uploads\/2021\/05\/acceso-dispositivo-conurbanojpg.jpg\" data-orig-size=\"797,508\" data-comments-opened=\"1\" data-image-meta=\"{&quot;aperture&quot;:&quot;0&quot;,&quot;credit&quot;:&quot;&quot;,&quot;camera&quot;:&quot;&quot;,&quot;caption&quot;:&quot;&quot;,&quot;created_timestamp&quot;:&quot;0&quot;,&quot;copyright&quot;:&quot;&quot;,&quot;focal_length&quot;:&quot;0&quot;,&quot;iso&quot;:&quot;0&quot;,&quot;shutter_speed&quot;:&quot;0&quot;,&quot;title&quot;:&quot;&quot;,&quot;orientation&quot;:&quot;0&quot;}\" data-image-title=\"acceso-dispositivo-conurbanojpg\" data-image-description=\"\" data-image-caption=\"\" data-large-file=\"https:\/\/eldiariodesanpedro.com.ar\/sitio\/wp-content\/uploads\/2021\/05\/acceso-dispositivo-conurbanojpg.jpg\" data-src=\"https:\/\/eldiariodesanpedro.com.ar\/sitio\/wp-content\/uploads\/2021\/05\/acceso-dispositivo-conurbanojpg.jpg\" alt=\"\" class=\"wp-image-92625 lazyload\" data-srcset=\"https:\/\/eldiariodesanpedro.com.ar\/sitio\/wp-content\/uploads\/2021\/05\/acceso-dispositivo-conurbanojpg.jpg 797w, https:\/\/eldiariodesanpedro.com.ar\/sitio\/wp-content\/uploads\/2021\/05\/acceso-dispositivo-conurbanojpg-300x191.jpg 300w, https:\/\/eldiariodesanpedro.com.ar\/sitio\/wp-content\/uploads\/2021\/05\/acceso-dispositivo-conurbanojpg-768x490.jpg 768w\" data-sizes=\"(max-width: 797px) 100vw, 797px\" src=\"data:image\/svg+xml;base64,PHN2ZyB3aWR0aD0iMSIgaGVpZ2h0PSIxIiB4bWxucz0iaHR0cDovL3d3dy53My5vcmcvMjAwMC9zdmciPjwvc3ZnPg==\" style=\"--smush-placeholder-width: 797px; --smush-placeholder-aspect-ratio: 797\/508;\" \/><\/figure>\n\n\n\n<p>A su vez, un 14,1% afirm\u00f3 no tener acceso a ning\u00fan tipo de dispositivo electr\u00f3nico y la gran mayor\u00eda (63,5%) comparte el dispositivo con otros miembros del hogar. Mientras que el 15,1% tampoco tiene acceso a Internet, 36,1% accede solo con sistema de datos m\u00f3viles y otro 17,3% indica problemas de se\u00f1al. Es decir que solo un tercio de los hogares tiene buena conectividad.<\/p>\n\n\n\n<figure class=\"wp-block-image size-large\"><img decoding=\"async\" width=\"792\" height=\"493\" data-attachment-id=\"92626\" data-permalink=\"https:\/\/eldiariodesanpedro.com.ar\/sitio\/como-afecta-la-virtualidad-en-la-desercion-escolar\/acceso-internet-conurbanojpg\/\" data-orig-file=\"https:\/\/eldiariodesanpedro.com.ar\/sitio\/wp-content\/uploads\/2021\/05\/acceso-internet-conurbanojpg.jpg\" data-orig-size=\"792,493\" data-comments-opened=\"1\" data-image-meta=\"{&quot;aperture&quot;:&quot;0&quot;,&quot;credit&quot;:&quot;&quot;,&quot;camera&quot;:&quot;&quot;,&quot;caption&quot;:&quot;&quot;,&quot;created_timestamp&quot;:&quot;0&quot;,&quot;copyright&quot;:&quot;&quot;,&quot;focal_length&quot;:&quot;0&quot;,&quot;iso&quot;:&quot;0&quot;,&quot;shutter_speed&quot;:&quot;0&quot;,&quot;title&quot;:&quot;&quot;,&quot;orientation&quot;:&quot;0&quot;}\" data-image-title=\"acceso-internet-conurbanojpg\" data-image-description=\"\" data-image-caption=\"\" data-large-file=\"https:\/\/eldiariodesanpedro.com.ar\/sitio\/wp-content\/uploads\/2021\/05\/acceso-internet-conurbanojpg.jpg\" data-src=\"https:\/\/eldiariodesanpedro.com.ar\/sitio\/wp-content\/uploads\/2021\/05\/acceso-internet-conurbanojpg.jpg\" alt=\"\" class=\"wp-image-92626 lazyload\" data-srcset=\"https:\/\/eldiariodesanpedro.com.ar\/sitio\/wp-content\/uploads\/2021\/05\/acceso-internet-conurbanojpg.jpg 792w, https:\/\/eldiariodesanpedro.com.ar\/sitio\/wp-content\/uploads\/2021\/05\/acceso-internet-conurbanojpg-300x187.jpg 300w, https:\/\/eldiariodesanpedro.com.ar\/sitio\/wp-content\/uploads\/2021\/05\/acceso-internet-conurbanojpg-768x478.jpg 768w\" data-sizes=\"(max-width: 792px) 100vw, 792px\" src=\"data:image\/svg+xml;base64,PHN2ZyB3aWR0aD0iMSIgaGVpZ2h0PSIxIiB4bWxucz0iaHR0cDovL3d3dy53My5vcmcvMjAwMC9zdmciPjwvc3ZnPg==\" style=\"--smush-placeholder-width: 792px; --smush-placeholder-aspect-ratio: 792\/493;\" \/><\/figure>\n\n\n\n<p>Si bien los resultados relevados en el conurbano presentan escasa variabilidad respecto a los hogares del resto del pa\u00eds, el dato m\u00e1s inquietante sobre deserci\u00f3n escolar de los educandos se eleva de 11,4 a 14,3% en la totalidad de los encuestados.<\/p>\n\n\n\n<p>En este sentido, el secretario gremial de la Uni\u00f3n de Trabajadoras y Trabajadores de la Econom\u00eda Popular y presidente de la Federaci\u00f3n de Cooperativas de Trabajo Evita, Gildo Onorato, expres\u00f3 que \u00abhay que desarrollar una pol\u00edtica de acompa\u00f1amiento comunitario para que los pibes no se desconecten\u00bb.<\/p>\n\n\n\n<p>En di\u00e1logo con los periodistas Fabi\u00e1n Debesa y Eduardo M\u00e9dici en Lado P, Onorato dijo que \u00ablo que qued\u00f3 claro es que desertaron much\u00edsimos pibes\u00bb, por lo cual realizaron una convocatoria a estudiantes universitarios \u00abpara hacer acompa\u00f1amiento en los barrios, apoyo escolar, tareas que se han hecho hist\u00f3ricamente\u00bb.<\/p>\n\n\n\n<p>\u00abLos barrios populares, de un lado y del otro de la General Paz, tienen los mismos problemas: la deserci\u00f3n creci\u00f3 y a nosotros nos preocupa porque es muy dif\u00edcil que esos pibes y pibas vuelvan a conectarse con el sistema educativo. Creo que ah\u00ed est\u00e1 el gran agujero, porque ya tenemos casi cuatro generaciones de familias de desocupados. Y eso forma parte de lo que es muy dif\u00edcil reconstruir en el marco del tejido social, que hay que sostener con mucho esfuerzo para que la Argentina no se siga desintegrando\u00bb, manifest\u00f3 el dirigente social.<\/p>\n","protected":false},"excerpt":{"rendered":"<p>Una encuesta realizada en todo el pa\u00eds, indic\u00f3 que el 11,4% de los hogares del conurbano sufri\u00f3 deserci\u00f3n escolar. En un relevamiento sobre 6.493 hogares con poblaci\u00f3n escolar del conurbano bonarense, el 11,4% de los encuestados indic\u00f3 conocer a un ni\u00f1o o joven que interrumpi\u00f3 su continuidad escolar en el contexto de la pandemia por [&hellip;]<\/p>\n","protected":false},"author":4,"featured_media":92627,"comment_status":"open","ping_status":"closed","sticky":false,"template":"","format":"standard","meta":{"om_disable_all_campaigns":false,"_jetpack_memberships_contains_paid_content":false,"footnotes":""},"categories":[621],"tags":[],"class_list":["post-92624","post","type-post","status-publish","format-standard","has-post-thumbnail","hentry","category-regionales"],"aioseo_notices":[],"gutentor_comment":0,"jetpack_featured_media_url":"https:\/\/eldiariodesanpedro.com.ar\/sitio\/wp-content\/uploads\/2021\/05\/aula-primaria-pintada-e-iluminacion-LED-nueva_658x400.jpg","jetpack_shortlink":"https:\/\/wp.me\/p6RhLt-o5W","jetpack_sharing_enabled":true,"_links":{"self":[{"href":"https:\/\/eldiariodesanpedro.com.ar\/sitio\/wp-json\/wp\/v2\/posts\/92624","targetHints":{"allow":["GET"]}}],"collection":[{"href":"https:\/\/eldiariodesanpedro.com.ar\/sitio\/wp-json\/wp\/v2\/posts"}],"about":[{"href":"https:\/\/eldiariodesanpedro.com.ar\/sitio\/wp-json\/wp\/v2\/types\/post"}],"author":[{"embeddable":true,"href":"https:\/\/eldiariodesanpedro.com.ar\/sitio\/wp-json\/wp\/v2\/users\/4"}],"replies":[{"embeddable":true,"href":"https:\/\/eldiariodesanpedro.com.ar\/sitio\/wp-json\/wp\/v2\/comments?post=92624"}],"version-history":[{"count":1,"href":"https:\/\/eldiariodesanpedro.com.ar\/sitio\/wp-json\/wp\/v2\/posts\/92624\/revisions"}],"predecessor-version":[{"id":92628,"href":"https:\/\/eldiariodesanpedro.com.ar\/sitio\/wp-json\/wp\/v2\/posts\/92624\/revisions\/92628"}],"wp:featuredmedia":[{"embeddable":true,"href":"https:\/\/eldiariodesanpedro.com.ar\/sitio\/wp-json\/wp\/v2\/media\/92627"}],"wp:attachment":[{"href":"https:\/\/eldiariodesanpedro.com.ar\/sitio\/wp-json\/wp\/v2\/media?parent=92624"}],"wp:term":[{"taxonomy":"category","embeddable":true,"href":"https:\/\/eldiariodesanpedro.com.ar\/sitio\/wp-json\/wp\/v2\/categories?post=92624"},{"taxonomy":"post_tag","embeddable":true,"href":"https:\/\/eldiariodesanpedro.com.ar\/sitio\/wp-json\/wp\/v2\/tags?post=92624"}],"curies":[{"name":"wp","href":"https:\/\/api.w.org\/{rel}","templated":true}]}}