{"id":92604,"date":"2021-05-15T19:11:48","date_gmt":"2021-05-15T22:11:48","guid":{"rendered":"https:\/\/eldiariodesanpedro.com.ar\/sitio\/?p=92604"},"modified":"2021-05-15T19:11:54","modified_gmt":"2021-05-15T22:11:54","slug":"nuevas-becas-para-fomentar-el-deporte-3","status":"publish","type":"post","link":"https:\/\/eldiariodesanpedro.com.ar\/sitio\/nuevas-becas-para-fomentar-el-deporte-3\/","title":{"rendered":"Nuevas becas para fomentar el deporte"},"content":{"rendered":"<!-- VideographyWP Plugin Message: Automatic video embedding prevented by plugin options. -->\n\n<p>En el patio interno del Palacio Municipal se entregaron este viernes, becas a deportistas sampedrinos de proyecci\u00f3n nacional e internacional que se hab\u00edan postulado para acceder a este beneficio que les permite continuar con sus carreras, contando con un est\u00edmulo adicional desde el gobierno local, adem\u00e1s de fomentar la superaci\u00f3n personal y deportiva.<\/p>\n\n\n\n<p>Estuvieron presentes el Intendente Municipal Cecilio Salazar, los Secretarios de Coordinaci\u00f3n Ram\u00f3n Salazar, de Desarrollo Humano Walter S\u00e1nchez, el Director de Deportes Mariano Arnal y el destacado deportista sampedrino Silvio Velo.<\/p>\n\n\n\n<p>El dinero de las becas es aportado por el Fondo Municipal de Promoci\u00f3n del Deporte, creado por Ordenanza en el HCD y las mismas son otorgadas con previa evaluaci\u00f3n de las presentaciones por la Comisi\u00f3n de Seguimiento de este fondo.<\/p>\n\n\n\n<p>Los nuevos beneficiaros de estas becas fueron: Candela Raviola (Nataci\u00f3n), Axel Pav\u00f3n (Canotaje), Dami\u00e1n Mu\u00f1oz (Boxeo), Miguel Correa (Boxeo), Guillermina Britos (Pat\u00edn Carrera), Juan Jos\u00e9 Paz (Ciclismo) y Federico Merlo (Canotaje).<\/p>\n\n\n\n<p>Todo deportista sampedrino puede elevar la solicitud descargando el formulario correspondiente de la p\u00e1gina web www.sanpedro.gob.ar y en caso de cumplir con los requisitos que la Ordenanza establece, podr\u00e1 acceder a este beneficio.<\/p>\n\n\n\n<figure class=\"wp-block-image size-large\"><img decoding=\"async\" width=\"1024\" height=\"693\" data-attachment-id=\"92606\" data-permalink=\"https:\/\/eldiariodesanpedro.com.ar\/sitio\/nuevas-becas-para-fomentar-el-deporte-3\/whatsapp-image-2021-05-14-at-20-44-41-1\/\" data-orig-file=\"https:\/\/eldiariodesanpedro.com.ar\/sitio\/wp-content\/uploads\/2021\/05\/WhatsApp-Image-2021-05-14-at-20.44.41-1.jpeg\" data-orig-size=\"1280,866\" data-comments-opened=\"1\" data-image-meta=\"{&quot;aperture&quot;:&quot;0&quot;,&quot;credit&quot;:&quot;&quot;,&quot;camera&quot;:&quot;&quot;,&quot;caption&quot;:&quot;&quot;,&quot;created_timestamp&quot;:&quot;0&quot;,&quot;copyright&quot;:&quot;&quot;,&quot;focal_length&quot;:&quot;0&quot;,&quot;iso&quot;:&quot;0&quot;,&quot;shutter_speed&quot;:&quot;0&quot;,&quot;title&quot;:&quot;&quot;,&quot;orientation&quot;:&quot;0&quot;}\" data-image-title=\"WhatsApp Image 2021-05-14 at 20.44.41 (1)\" data-image-description=\"\" data-image-caption=\"\" data-large-file=\"https:\/\/eldiariodesanpedro.com.ar\/sitio\/wp-content\/uploads\/2021\/05\/WhatsApp-Image-2021-05-14-at-20.44.41-1-1024x693.jpeg\" data-src=\"https:\/\/eldiariodesanpedro.com.ar\/sitio\/wp-content\/uploads\/2021\/05\/WhatsApp-Image-2021-05-14-at-20.44.41-1-1024x693.jpeg\" alt=\"\" class=\"wp-image-92606 lazyload\" data-srcset=\"https:\/\/eldiariodesanpedro.com.ar\/sitio\/wp-content\/uploads\/2021\/05\/WhatsApp-Image-2021-05-14-at-20.44.41-1-1024x693.jpeg 1024w, https:\/\/eldiariodesanpedro.com.ar\/sitio\/wp-content\/uploads\/2021\/05\/WhatsApp-Image-2021-05-14-at-20.44.41-1-300x203.jpeg 300w, https:\/\/eldiariodesanpedro.com.ar\/sitio\/wp-content\/uploads\/2021\/05\/WhatsApp-Image-2021-05-14-at-20.44.41-1-768x520.jpeg 768w, https:\/\/eldiariodesanpedro.com.ar\/sitio\/wp-content\/uploads\/2021\/05\/WhatsApp-Image-2021-05-14-at-20.44.41-1.jpeg 1280w\" data-sizes=\"(max-width: 1024px) 100vw, 1024px\" src=\"data:image\/svg+xml;base64,PHN2ZyB3aWR0aD0iMSIgaGVpZ2h0PSIxIiB4bWxucz0iaHR0cDovL3d3dy53My5vcmcvMjAwMC9zdmciPjwvc3ZnPg==\" style=\"--smush-placeholder-width: 1024px; --smush-placeholder-aspect-ratio: 1024\/693;\" \/><\/figure>\n\n\n\n<figure class=\"wp-block-image size-large\"><img decoding=\"async\" width=\"1024\" height=\"682\" data-attachment-id=\"92607\" data-permalink=\"https:\/\/eldiariodesanpedro.com.ar\/sitio\/nuevas-becas-para-fomentar-el-deporte-3\/whatsapp-image-2021-05-14-at-20-44-41\/\" data-orig-file=\"https:\/\/eldiariodesanpedro.com.ar\/sitio\/wp-content\/uploads\/2021\/05\/WhatsApp-Image-2021-05-14-at-20.44.41.jpeg\" data-orig-size=\"1280,853\" data-comments-opened=\"1\" data-image-meta=\"{&quot;aperture&quot;:&quot;0&quot;,&quot;credit&quot;:&quot;&quot;,&quot;camera&quot;:&quot;&quot;,&quot;caption&quot;:&quot;&quot;,&quot;created_timestamp&quot;:&quot;0&quot;,&quot;copyright&quot;:&quot;&quot;,&quot;focal_length&quot;:&quot;0&quot;,&quot;iso&quot;:&quot;0&quot;,&quot;shutter_speed&quot;:&quot;0&quot;,&quot;title&quot;:&quot;&quot;,&quot;orientation&quot;:&quot;0&quot;}\" data-image-title=\"WhatsApp Image 2021-05-14 at 20.44.41\" data-image-description=\"\" data-image-caption=\"\" data-large-file=\"https:\/\/eldiariodesanpedro.com.ar\/sitio\/wp-content\/uploads\/2021\/05\/WhatsApp-Image-2021-05-14-at-20.44.41-1024x682.jpeg\" data-src=\"https:\/\/eldiariodesanpedro.com.ar\/sitio\/wp-content\/uploads\/2021\/05\/WhatsApp-Image-2021-05-14-at-20.44.41-1024x682.jpeg\" alt=\"\" class=\"wp-image-92607 lazyload\" data-srcset=\"https:\/\/eldiariodesanpedro.com.ar\/sitio\/wp-content\/uploads\/2021\/05\/WhatsApp-Image-2021-05-14-at-20.44.41-1024x682.jpeg 1024w, https:\/\/eldiariodesanpedro.com.ar\/sitio\/wp-content\/uploads\/2021\/05\/WhatsApp-Image-2021-05-14-at-20.44.41-300x200.jpeg 300w, https:\/\/eldiariodesanpedro.com.ar\/sitio\/wp-content\/uploads\/2021\/05\/WhatsApp-Image-2021-05-14-at-20.44.41-768x512.jpeg 768w, https:\/\/eldiariodesanpedro.com.ar\/sitio\/wp-content\/uploads\/2021\/05\/WhatsApp-Image-2021-05-14-at-20.44.41.jpeg 1280w\" data-sizes=\"(max-width: 1024px) 100vw, 1024px\" src=\"data:image\/svg+xml;base64,PHN2ZyB3aWR0aD0iMSIgaGVpZ2h0PSIxIiB4bWxucz0iaHR0cDovL3d3dy53My5vcmcvMjAwMC9zdmciPjwvc3ZnPg==\" style=\"--smush-placeholder-width: 1024px; --smush-placeholder-aspect-ratio: 1024\/682;\" \/><\/figure>\n\n\n\n<figure class=\"wp-block-image size-large\"><img decoding=\"async\" width=\"1024\" height=\"629\" data-attachment-id=\"92608\" data-permalink=\"https:\/\/eldiariodesanpedro.com.ar\/sitio\/nuevas-becas-para-fomentar-el-deporte-3\/whatsapp-image-2021-05-14-at-20-44-42\/\" data-orig-file=\"https:\/\/eldiariodesanpedro.com.ar\/sitio\/wp-content\/uploads\/2021\/05\/WhatsApp-Image-2021-05-14-at-20.44.42.jpeg\" data-orig-size=\"1280,786\" data-comments-opened=\"1\" data-image-meta=\"{&quot;aperture&quot;:&quot;0&quot;,&quot;credit&quot;:&quot;&quot;,&quot;camera&quot;:&quot;&quot;,&quot;caption&quot;:&quot;&quot;,&quot;created_timestamp&quot;:&quot;0&quot;,&quot;copyright&quot;:&quot;&quot;,&quot;focal_length&quot;:&quot;0&quot;,&quot;iso&quot;:&quot;0&quot;,&quot;shutter_speed&quot;:&quot;0&quot;,&quot;title&quot;:&quot;&quot;,&quot;orientation&quot;:&quot;0&quot;}\" data-image-title=\"WhatsApp Image 2021-05-14 at 20.44.42\" data-image-description=\"\" data-image-caption=\"\" data-large-file=\"https:\/\/eldiariodesanpedro.com.ar\/sitio\/wp-content\/uploads\/2021\/05\/WhatsApp-Image-2021-05-14-at-20.44.42-1024x629.jpeg\" data-src=\"https:\/\/eldiariodesanpedro.com.ar\/sitio\/wp-content\/uploads\/2021\/05\/WhatsApp-Image-2021-05-14-at-20.44.42-1024x629.jpeg\" alt=\"\" class=\"wp-image-92608 lazyload\" data-srcset=\"https:\/\/eldiariodesanpedro.com.ar\/sitio\/wp-content\/uploads\/2021\/05\/WhatsApp-Image-2021-05-14-at-20.44.42-1024x629.jpeg 1024w, https:\/\/eldiariodesanpedro.com.ar\/sitio\/wp-content\/uploads\/2021\/05\/WhatsApp-Image-2021-05-14-at-20.44.42-300x184.jpeg 300w, https:\/\/eldiariodesanpedro.com.ar\/sitio\/wp-content\/uploads\/2021\/05\/WhatsApp-Image-2021-05-14-at-20.44.42-768x472.jpeg 768w, https:\/\/eldiariodesanpedro.com.ar\/sitio\/wp-content\/uploads\/2021\/05\/WhatsApp-Image-2021-05-14-at-20.44.42.jpeg 1280w\" data-sizes=\"(max-width: 1024px) 100vw, 1024px\" src=\"data:image\/svg+xml;base64,PHN2ZyB3aWR0aD0iMSIgaGVpZ2h0PSIxIiB4bWxucz0iaHR0cDovL3d3dy53My5vcmcvMjAwMC9zdmciPjwvc3ZnPg==\" style=\"--smush-placeholder-width: 1024px; --smush-placeholder-aspect-ratio: 1024\/629;\" \/><\/figure>\n\n\n\n<figure class=\"wp-block-image size-large\"><img decoding=\"async\" width=\"1024\" height=\"587\" data-attachment-id=\"92610\" data-permalink=\"https:\/\/eldiariodesanpedro.com.ar\/sitio\/nuevas-becas-para-fomentar-el-deporte-3\/whatsapp-image-2021-05-14-at-20-44-43\/\" data-orig-file=\"https:\/\/eldiariodesanpedro.com.ar\/sitio\/wp-content\/uploads\/2021\/05\/WhatsApp-Image-2021-05-14-at-20.44.43.jpeg\" data-orig-size=\"1280,734\" data-comments-opened=\"1\" data-image-meta=\"{&quot;aperture&quot;:&quot;0&quot;,&quot;credit&quot;:&quot;&quot;,&quot;camera&quot;:&quot;&quot;,&quot;caption&quot;:&quot;&quot;,&quot;created_timestamp&quot;:&quot;0&quot;,&quot;copyright&quot;:&quot;&quot;,&quot;focal_length&quot;:&quot;0&quot;,&quot;iso&quot;:&quot;0&quot;,&quot;shutter_speed&quot;:&quot;0&quot;,&quot;title&quot;:&quot;&quot;,&quot;orientation&quot;:&quot;0&quot;}\" data-image-title=\"WhatsApp Image 2021-05-14 at 20.44.43\" data-image-description=\"\" data-image-caption=\"\" data-large-file=\"https:\/\/eldiariodesanpedro.com.ar\/sitio\/wp-content\/uploads\/2021\/05\/WhatsApp-Image-2021-05-14-at-20.44.43-1024x587.jpeg\" data-src=\"https:\/\/eldiariodesanpedro.com.ar\/sitio\/wp-content\/uploads\/2021\/05\/WhatsApp-Image-2021-05-14-at-20.44.43-1024x587.jpeg\" alt=\"\" class=\"wp-image-92610 lazyload\" data-srcset=\"https:\/\/eldiariodesanpedro.com.ar\/sitio\/wp-content\/uploads\/2021\/05\/WhatsApp-Image-2021-05-14-at-20.44.43-1024x587.jpeg 1024w, https:\/\/eldiariodesanpedro.com.ar\/sitio\/wp-content\/uploads\/2021\/05\/WhatsApp-Image-2021-05-14-at-20.44.43-300x172.jpeg 300w, https:\/\/eldiariodesanpedro.com.ar\/sitio\/wp-content\/uploads\/2021\/05\/WhatsApp-Image-2021-05-14-at-20.44.43-768x440.jpeg 768w, https:\/\/eldiariodesanpedro.com.ar\/sitio\/wp-content\/uploads\/2021\/05\/WhatsApp-Image-2021-05-14-at-20.44.43.jpeg 1280w\" data-sizes=\"(max-width: 1024px) 100vw, 1024px\" src=\"data:image\/svg+xml;base64,PHN2ZyB3aWR0aD0iMSIgaGVpZ2h0PSIxIiB4bWxucz0iaHR0cDovL3d3dy53My5vcmcvMjAwMC9zdmciPjwvc3ZnPg==\" style=\"--smush-placeholder-width: 1024px; --smush-placeholder-aspect-ratio: 1024\/587;\" \/><\/figure>\n\n\n\n<figure class=\"wp-block-image size-large\"><img decoding=\"async\" width=\"1024\" height=\"700\" data-attachment-id=\"92611\" data-permalink=\"https:\/\/eldiariodesanpedro.com.ar\/sitio\/nuevas-becas-para-fomentar-el-deporte-3\/whatsapp-image-2021-05-14-at-20-44-44\/\" data-orig-file=\"https:\/\/eldiariodesanpedro.com.ar\/sitio\/wp-content\/uploads\/2021\/05\/WhatsApp-Image-2021-05-14-at-20.44.44.jpeg\" data-orig-size=\"1280,875\" data-comments-opened=\"1\" data-image-meta=\"{&quot;aperture&quot;:&quot;0&quot;,&quot;credit&quot;:&quot;&quot;,&quot;camera&quot;:&quot;&quot;,&quot;caption&quot;:&quot;&quot;,&quot;created_timestamp&quot;:&quot;0&quot;,&quot;copyright&quot;:&quot;&quot;,&quot;focal_length&quot;:&quot;0&quot;,&quot;iso&quot;:&quot;0&quot;,&quot;shutter_speed&quot;:&quot;0&quot;,&quot;title&quot;:&quot;&quot;,&quot;orientation&quot;:&quot;0&quot;}\" data-image-title=\"WhatsApp Image 2021-05-14 at 20.44.44\" data-image-description=\"\" data-image-caption=\"\" data-large-file=\"https:\/\/eldiariodesanpedro.com.ar\/sitio\/wp-content\/uploads\/2021\/05\/WhatsApp-Image-2021-05-14-at-20.44.44-1024x700.jpeg\" data-src=\"https:\/\/eldiariodesanpedro.com.ar\/sitio\/wp-content\/uploads\/2021\/05\/WhatsApp-Image-2021-05-14-at-20.44.44-1024x700.jpeg\" alt=\"\" class=\"wp-image-92611 lazyload\" data-srcset=\"https:\/\/eldiariodesanpedro.com.ar\/sitio\/wp-content\/uploads\/2021\/05\/WhatsApp-Image-2021-05-14-at-20.44.44-1024x700.jpeg 1024w, https:\/\/eldiariodesanpedro.com.ar\/sitio\/wp-content\/uploads\/2021\/05\/WhatsApp-Image-2021-05-14-at-20.44.44-300x205.jpeg 300w, https:\/\/eldiariodesanpedro.com.ar\/sitio\/wp-content\/uploads\/2021\/05\/WhatsApp-Image-2021-05-14-at-20.44.44-768x525.jpeg 768w, https:\/\/eldiariodesanpedro.com.ar\/sitio\/wp-content\/uploads\/2021\/05\/WhatsApp-Image-2021-05-14-at-20.44.44.jpeg 1280w\" data-sizes=\"(max-width: 1024px) 100vw, 1024px\" src=\"data:image\/svg+xml;base64,PHN2ZyB3aWR0aD0iMSIgaGVpZ2h0PSIxIiB4bWxucz0iaHR0cDovL3d3dy53My5vcmcvMjAwMC9zdmciPjwvc3ZnPg==\" style=\"--smush-placeholder-width: 1024px; --smush-placeholder-aspect-ratio: 1024\/700;\" \/><\/figure>\n\n\n\n<figure class=\"wp-block-image size-large\"><img decoding=\"async\" width=\"1024\" height=\"629\" data-attachment-id=\"92613\" data-permalink=\"https:\/\/eldiariodesanpedro.com.ar\/sitio\/nuevas-becas-para-fomentar-el-deporte-3\/whatsapp-image-2021-05-14-at-20-44-45\/\" data-orig-file=\"https:\/\/eldiariodesanpedro.com.ar\/sitio\/wp-content\/uploads\/2021\/05\/WhatsApp-Image-2021-05-14-at-20.44.45.jpeg\" data-orig-size=\"1280,786\" data-comments-opened=\"1\" data-image-meta=\"{&quot;aperture&quot;:&quot;0&quot;,&quot;credit&quot;:&quot;&quot;,&quot;camera&quot;:&quot;&quot;,&quot;caption&quot;:&quot;&quot;,&quot;created_timestamp&quot;:&quot;0&quot;,&quot;copyright&quot;:&quot;&quot;,&quot;focal_length&quot;:&quot;0&quot;,&quot;iso&quot;:&quot;0&quot;,&quot;shutter_speed&quot;:&quot;0&quot;,&quot;title&quot;:&quot;&quot;,&quot;orientation&quot;:&quot;0&quot;}\" data-image-title=\"WhatsApp Image 2021-05-14 at 20.44.45\" data-image-description=\"\" data-image-caption=\"\" data-large-file=\"https:\/\/eldiariodesanpedro.com.ar\/sitio\/wp-content\/uploads\/2021\/05\/WhatsApp-Image-2021-05-14-at-20.44.45-1024x629.jpeg\" data-src=\"https:\/\/eldiariodesanpedro.com.ar\/sitio\/wp-content\/uploads\/2021\/05\/WhatsApp-Image-2021-05-14-at-20.44.45-1024x629.jpeg\" alt=\"\" class=\"wp-image-92613 lazyload\" data-srcset=\"https:\/\/eldiariodesanpedro.com.ar\/sitio\/wp-content\/uploads\/2021\/05\/WhatsApp-Image-2021-05-14-at-20.44.45-1024x629.jpeg 1024w, https:\/\/eldiariodesanpedro.com.ar\/sitio\/wp-content\/uploads\/2021\/05\/WhatsApp-Image-2021-05-14-at-20.44.45-300x184.jpeg 300w, https:\/\/eldiariodesanpedro.com.ar\/sitio\/wp-content\/uploads\/2021\/05\/WhatsApp-Image-2021-05-14-at-20.44.45-768x472.jpeg 768w, https:\/\/eldiariodesanpedro.com.ar\/sitio\/wp-content\/uploads\/2021\/05\/WhatsApp-Image-2021-05-14-at-20.44.45.jpeg 1280w\" data-sizes=\"(max-width: 1024px) 100vw, 1024px\" src=\"data:image\/svg+xml;base64,PHN2ZyB3aWR0aD0iMSIgaGVpZ2h0PSIxIiB4bWxucz0iaHR0cDovL3d3dy53My5vcmcvMjAwMC9zdmciPjwvc3ZnPg==\" style=\"--smush-placeholder-width: 1024px; --smush-placeholder-aspect-ratio: 1024\/629;\" \/><\/figure>\n\n\n\n<figure class=\"wp-block-image size-large\"><img decoding=\"async\" width=\"1024\" height=\"559\" data-attachment-id=\"92612\" data-permalink=\"https:\/\/eldiariodesanpedro.com.ar\/sitio\/nuevas-becas-para-fomentar-el-deporte-3\/whatsapp-image-2021-05-14-at-20-44-45-1\/\" data-orig-file=\"https:\/\/eldiariodesanpedro.com.ar\/sitio\/wp-content\/uploads\/2021\/05\/WhatsApp-Image-2021-05-14-at-20.44.45-1.jpeg\" data-orig-size=\"1280,699\" data-comments-opened=\"1\" data-image-meta=\"{&quot;aperture&quot;:&quot;0&quot;,&quot;credit&quot;:&quot;&quot;,&quot;camera&quot;:&quot;&quot;,&quot;caption&quot;:&quot;&quot;,&quot;created_timestamp&quot;:&quot;0&quot;,&quot;copyright&quot;:&quot;&quot;,&quot;focal_length&quot;:&quot;0&quot;,&quot;iso&quot;:&quot;0&quot;,&quot;shutter_speed&quot;:&quot;0&quot;,&quot;title&quot;:&quot;&quot;,&quot;orientation&quot;:&quot;0&quot;}\" data-image-title=\"WhatsApp Image 2021-05-14 at 20.44.45 (1)\" data-image-description=\"\" data-image-caption=\"\" data-large-file=\"https:\/\/eldiariodesanpedro.com.ar\/sitio\/wp-content\/uploads\/2021\/05\/WhatsApp-Image-2021-05-14-at-20.44.45-1-1024x559.jpeg\" data-src=\"https:\/\/eldiariodesanpedro.com.ar\/sitio\/wp-content\/uploads\/2021\/05\/WhatsApp-Image-2021-05-14-at-20.44.45-1-1024x559.jpeg\" alt=\"\" class=\"wp-image-92612 lazyload\" data-srcset=\"https:\/\/eldiariodesanpedro.com.ar\/sitio\/wp-content\/uploads\/2021\/05\/WhatsApp-Image-2021-05-14-at-20.44.45-1-1024x559.jpeg 1024w, https:\/\/eldiariodesanpedro.com.ar\/sitio\/wp-content\/uploads\/2021\/05\/WhatsApp-Image-2021-05-14-at-20.44.45-1-300x164.jpeg 300w, https:\/\/eldiariodesanpedro.com.ar\/sitio\/wp-content\/uploads\/2021\/05\/WhatsApp-Image-2021-05-14-at-20.44.45-1-768x419.jpeg 768w, https:\/\/eldiariodesanpedro.com.ar\/sitio\/wp-content\/uploads\/2021\/05\/WhatsApp-Image-2021-05-14-at-20.44.45-1.jpeg 1280w\" data-sizes=\"(max-width: 1024px) 100vw, 1024px\" src=\"data:image\/svg+xml;base64,PHN2ZyB3aWR0aD0iMSIgaGVpZ2h0PSIxIiB4bWxucz0iaHR0cDovL3d3dy53My5vcmcvMjAwMC9zdmciPjwvc3ZnPg==\" style=\"--smush-placeholder-width: 1024px; --smush-placeholder-aspect-ratio: 1024\/559;\" \/><\/figure>\n\n\n\n<figure class=\"wp-block-image size-large\"><img decoding=\"async\" width=\"1024\" height=\"682\" data-attachment-id=\"92609\" data-permalink=\"https:\/\/eldiariodesanpedro.com.ar\/sitio\/nuevas-becas-para-fomentar-el-deporte-3\/whatsapp-image-2021-05-14-at-20-44-43-1\/\" data-orig-file=\"https:\/\/eldiariodesanpedro.com.ar\/sitio\/wp-content\/uploads\/2021\/05\/WhatsApp-Image-2021-05-14-at-20.44.43-1.jpeg\" data-orig-size=\"1280,853\" data-comments-opened=\"1\" data-image-meta=\"{&quot;aperture&quot;:&quot;0&quot;,&quot;credit&quot;:&quot;&quot;,&quot;camera&quot;:&quot;&quot;,&quot;caption&quot;:&quot;&quot;,&quot;created_timestamp&quot;:&quot;0&quot;,&quot;copyright&quot;:&quot;&quot;,&quot;focal_length&quot;:&quot;0&quot;,&quot;iso&quot;:&quot;0&quot;,&quot;shutter_speed&quot;:&quot;0&quot;,&quot;title&quot;:&quot;&quot;,&quot;orientation&quot;:&quot;0&quot;}\" data-image-title=\"WhatsApp Image 2021-05-14 at 20.44.43 (1)\" data-image-description=\"\" data-image-caption=\"\" data-large-file=\"https:\/\/eldiariodesanpedro.com.ar\/sitio\/wp-content\/uploads\/2021\/05\/WhatsApp-Image-2021-05-14-at-20.44.43-1-1024x682.jpeg\" data-src=\"https:\/\/eldiariodesanpedro.com.ar\/sitio\/wp-content\/uploads\/2021\/05\/WhatsApp-Image-2021-05-14-at-20.44.43-1-1024x682.jpeg\" alt=\"\" class=\"wp-image-92609 lazyload\" data-srcset=\"https:\/\/eldiariodesanpedro.com.ar\/sitio\/wp-content\/uploads\/2021\/05\/WhatsApp-Image-2021-05-14-at-20.44.43-1-1024x682.jpeg 1024w, https:\/\/eldiariodesanpedro.com.ar\/sitio\/wp-content\/uploads\/2021\/05\/WhatsApp-Image-2021-05-14-at-20.44.43-1-300x200.jpeg 300w, https:\/\/eldiariodesanpedro.com.ar\/sitio\/wp-content\/uploads\/2021\/05\/WhatsApp-Image-2021-05-14-at-20.44.43-1-768x512.jpeg 768w, https:\/\/eldiariodesanpedro.com.ar\/sitio\/wp-content\/uploads\/2021\/05\/WhatsApp-Image-2021-05-14-at-20.44.43-1.jpeg 1280w\" data-sizes=\"(max-width: 1024px) 100vw, 1024px\" src=\"data:image\/svg+xml;base64,PHN2ZyB3aWR0aD0iMSIgaGVpZ2h0PSIxIiB4bWxucz0iaHR0cDovL3d3dy53My5vcmcvMjAwMC9zdmciPjwvc3ZnPg==\" style=\"--smush-placeholder-width: 1024px; --smush-placeholder-aspect-ratio: 1024\/682;\" \/><\/figure>\n","protected":false},"excerpt":{"rendered":"<p>En el patio interno del Palacio Municipal se entregaron este viernes, becas a deportistas sampedrinos de proyecci\u00f3n nacional e internacional que se hab\u00edan postulado para acceder a este beneficio que les permite continuar con sus carreras, contando con un est\u00edmulo adicional desde el gobierno local, adem\u00e1s de fomentar la superaci\u00f3n personal y deportiva. Estuvieron presentes [&hellip;]<\/p>\n","protected":false},"author":4,"featured_media":92605,"comment_status":"open","ping_status":"closed","sticky":false,"template":"","format":"standard","meta":{"om_disable_all_campaigns":false,"_jetpack_memberships_contains_paid_content":false,"footnotes":""},"categories":[50,101,2],"tags":[],"class_list":["post-92604","post","type-post","status-publish","format-standard","has-post-thumbnail","hentry","category-destacadas","category-interes-general-locales","category-locales"],"aioseo_notices":[],"gutentor_comment":0,"jetpack_featured_media_url":"https:\/\/eldiariodesanpedro.com.ar\/sitio\/wp-content\/uploads\/2021\/05\/WhatsApp-Image-2021-05-14-at-20.44.27.jpeg","jetpack_shortlink":"https:\/\/wp.me\/p6RhLt-o5C","jetpack_sharing_enabled":true,"_links":{"self":[{"href":"https:\/\/eldiariodesanpedro.com.ar\/sitio\/wp-json\/wp\/v2\/posts\/92604","targetHints":{"allow":["GET"]}}],"collection":[{"href":"https:\/\/eldiariodesanpedro.com.ar\/sitio\/wp-json\/wp\/v2\/posts"}],"about":[{"href":"https:\/\/eldiariodesanpedro.com.ar\/sitio\/wp-json\/wp\/v2\/types\/post"}],"author":[{"embeddable":true,"href":"https:\/\/eldiariodesanpedro.com.ar\/sitio\/wp-json\/wp\/v2\/users\/4"}],"replies":[{"embeddable":true,"href":"https:\/\/eldiariodesanpedro.com.ar\/sitio\/wp-json\/wp\/v2\/comments?post=92604"}],"version-history":[{"count":1,"href":"https:\/\/eldiariodesanpedro.com.ar\/sitio\/wp-json\/wp\/v2\/posts\/92604\/revisions"}],"predecessor-version":[{"id":92614,"href":"https:\/\/eldiariodesanpedro.com.ar\/sitio\/wp-json\/wp\/v2\/posts\/92604\/revisions\/92614"}],"wp:featuredmedia":[{"embeddable":true,"href":"https:\/\/eldiariodesanpedro.com.ar\/sitio\/wp-json\/wp\/v2\/media\/92605"}],"wp:attachment":[{"href":"https:\/\/eldiariodesanpedro.com.ar\/sitio\/wp-json\/wp\/v2\/media?parent=92604"}],"wp:term":[{"taxonomy":"category","embeddable":true,"href":"https:\/\/eldiariodesanpedro.com.ar\/sitio\/wp-json\/wp\/v2\/categories?post=92604"},{"taxonomy":"post_tag","embeddable":true,"href":"https:\/\/eldiariodesanpedro.com.ar\/sitio\/wp-json\/wp\/v2\/tags?post=92604"}],"curies":[{"name":"wp","href":"https:\/\/api.w.org\/{rel}","templated":true}]}}