{"id":92594,"date":"2021-05-15T19:02:46","date_gmt":"2021-05-15T22:02:46","guid":{"rendered":"https:\/\/eldiariodesanpedro.com.ar\/sitio\/?p=92594"},"modified":"2021-05-15T19:02:51","modified_gmt":"2021-05-15T22:02:51","slug":"tres-delincuentes-aprehendido-dos-por-el-robo-de-una-motocicleta-y-otro-por-agredir-a-uniformados","status":"publish","type":"post","link":"https:\/\/eldiariodesanpedro.com.ar\/sitio\/tres-delincuentes-aprehendido-dos-por-el-robo-de-una-motocicleta-y-otro-por-agredir-a-uniformados\/","title":{"rendered":"Tres delincuentes aprehendido, dos por el robo de una motocicleta y otro por agredir a uniformados"},"content":{"rendered":"<!-- VideographyWP Plugin Message: Automatic video embedding prevented by plugin options. -->\n\n<p>En la madrugada de hoy, alrededor de las 03 hs el personal policial r\u00e1pido accionar en calle Boulevard Moreno entre Benefactora Sampedrina y Mateo Sbert, se procede a la aprehensi\u00f3n en fuga de reconocido delincuente de 25 a\u00f1os de edad y de delincuente de 16 a\u00f1os quienes circulaban a bordo de motocicleta 110 cc, la cual sustrajeron instantes antes de domicilio de calle Ruffa y Belgrano propiedad de un ciudadano de 64 a\u00f1os de edad.&nbsp;<\/p>\n\n\n\n<p>La moto recuperada fue restituida al damnificado que radic\u00f3 la correspondiente denuncia. Los delincuentes puestos a disposici\u00f3n de la justicia Juvenil de San Nicol\u00e1s, el mayor contin\u00faa detenido hasta tomar declaraci\u00f3n en la fiscal\u00eda local, por su parte el menor fue entregado a sus padres.&nbsp;<\/p>\n\n\n\n<p>En el mismo procedimiento se aprehendi\u00f3 a un tercer sujeto masculino tambi\u00e9n delincuente , que al observar el proceder policial, intent\u00f3 interferir en favor de los malvivientes, arrojando elementos contundentes, este \u00faltimo qued\u00f3 imputado de los delitos atentado y resistencia a la autoridad.&nbsp;<\/p>\n\n\n\n<p>Afortunadamente el personal policial result\u00f3 ileso.<\/p>\n\n\n\n<figure class=\"wp-block-image size-large\"><img decoding=\"async\" width=\"768\" height=\"1024\" data-attachment-id=\"92597\" data-permalink=\"https:\/\/eldiariodesanpedro.com.ar\/sitio\/tres-delincuentes-aprehendido-dos-por-el-robo-de-una-motocicleta-y-otro-por-agredir-a-uniformados\/whatsapp-image-2021-05-15-at-11-58-23\/\" data-orig-file=\"https:\/\/eldiariodesanpedro.com.ar\/sitio\/wp-content\/uploads\/2021\/05\/WhatsApp-Image-2021-05-15-at-11.58.23.jpeg\" data-orig-size=\"960,1280\" data-comments-opened=\"1\" data-image-meta=\"{&quot;aperture&quot;:&quot;0&quot;,&quot;credit&quot;:&quot;&quot;,&quot;camera&quot;:&quot;&quot;,&quot;caption&quot;:&quot;&quot;,&quot;created_timestamp&quot;:&quot;0&quot;,&quot;copyright&quot;:&quot;&quot;,&quot;focal_length&quot;:&quot;0&quot;,&quot;iso&quot;:&quot;0&quot;,&quot;shutter_speed&quot;:&quot;0&quot;,&quot;title&quot;:&quot;&quot;,&quot;orientation&quot;:&quot;0&quot;}\" data-image-title=\"WhatsApp Image 2021-05-15 at 11.58.23\" data-image-description=\"\" data-image-caption=\"\" data-large-file=\"https:\/\/eldiariodesanpedro.com.ar\/sitio\/wp-content\/uploads\/2021\/05\/WhatsApp-Image-2021-05-15-at-11.58.23-768x1024.jpeg\" data-src=\"https:\/\/eldiariodesanpedro.com.ar\/sitio\/wp-content\/uploads\/2021\/05\/WhatsApp-Image-2021-05-15-at-11.58.23-768x1024.jpeg\" alt=\"\" class=\"wp-image-92597 lazyload\" data-srcset=\"https:\/\/eldiariodesanpedro.com.ar\/sitio\/wp-content\/uploads\/2021\/05\/WhatsApp-Image-2021-05-15-at-11.58.23-768x1024.jpeg 768w, https:\/\/eldiariodesanpedro.com.ar\/sitio\/wp-content\/uploads\/2021\/05\/WhatsApp-Image-2021-05-15-at-11.58.23-225x300.jpeg 225w, https:\/\/eldiariodesanpedro.com.ar\/sitio\/wp-content\/uploads\/2021\/05\/WhatsApp-Image-2021-05-15-at-11.58.23.jpeg 960w\" data-sizes=\"(max-width: 768px) 100vw, 768px\" src=\"data:image\/svg+xml;base64,PHN2ZyB3aWR0aD0iMSIgaGVpZ2h0PSIxIiB4bWxucz0iaHR0cDovL3d3dy53My5vcmcvMjAwMC9zdmciPjwvc3ZnPg==\" style=\"--smush-placeholder-width: 768px; --smush-placeholder-aspect-ratio: 768\/1024;\" \/><\/figure>\n\n\n\n<figure class=\"wp-block-image size-large\"><img decoding=\"async\" width=\"485\" height=\"1024\" data-attachment-id=\"92596\" data-permalink=\"https:\/\/eldiariodesanpedro.com.ar\/sitio\/tres-delincuentes-aprehendido-dos-por-el-robo-de-una-motocicleta-y-otro-por-agredir-a-uniformados\/whatsapp-image-2021-05-15-at-11-58-21\/\" data-orig-file=\"https:\/\/eldiariodesanpedro.com.ar\/sitio\/wp-content\/uploads\/2021\/05\/WhatsApp-Image-2021-05-15-at-11.58.21.jpeg\" data-orig-size=\"606,1280\" data-comments-opened=\"1\" data-image-meta=\"{&quot;aperture&quot;:&quot;0&quot;,&quot;credit&quot;:&quot;&quot;,&quot;camera&quot;:&quot;&quot;,&quot;caption&quot;:&quot;&quot;,&quot;created_timestamp&quot;:&quot;0&quot;,&quot;copyright&quot;:&quot;&quot;,&quot;focal_length&quot;:&quot;0&quot;,&quot;iso&quot;:&quot;0&quot;,&quot;shutter_speed&quot;:&quot;0&quot;,&quot;title&quot;:&quot;&quot;,&quot;orientation&quot;:&quot;0&quot;}\" data-image-title=\"WhatsApp Image 2021-05-15 at 11.58.21\" data-image-description=\"\" data-image-caption=\"\" data-large-file=\"https:\/\/eldiariodesanpedro.com.ar\/sitio\/wp-content\/uploads\/2021\/05\/WhatsApp-Image-2021-05-15-at-11.58.21-485x1024.jpeg\" data-src=\"https:\/\/eldiariodesanpedro.com.ar\/sitio\/wp-content\/uploads\/2021\/05\/WhatsApp-Image-2021-05-15-at-11.58.21-485x1024.jpeg\" alt=\"\" class=\"wp-image-92596 lazyload\" data-srcset=\"https:\/\/eldiariodesanpedro.com.ar\/sitio\/wp-content\/uploads\/2021\/05\/WhatsApp-Image-2021-05-15-at-11.58.21-485x1024.jpeg 485w, https:\/\/eldiariodesanpedro.com.ar\/sitio\/wp-content\/uploads\/2021\/05\/WhatsApp-Image-2021-05-15-at-11.58.21-142x300.jpeg 142w, https:\/\/eldiariodesanpedro.com.ar\/sitio\/wp-content\/uploads\/2021\/05\/WhatsApp-Image-2021-05-15-at-11.58.21.jpeg 606w\" data-sizes=\"(max-width: 485px) 100vw, 485px\" src=\"data:image\/svg+xml;base64,PHN2ZyB3aWR0aD0iMSIgaGVpZ2h0PSIxIiB4bWxucz0iaHR0cDovL3d3dy53My5vcmcvMjAwMC9zdmciPjwvc3ZnPg==\" style=\"--smush-placeholder-width: 485px; --smush-placeholder-aspect-ratio: 485\/1024;\" \/><\/figure>\n\n\n\n<figure class=\"wp-block-image size-large\"><img decoding=\"async\" width=\"372\" height=\"439\" data-attachment-id=\"92598\" data-permalink=\"https:\/\/eldiariodesanpedro.com.ar\/sitio\/tres-delincuentes-aprehendido-dos-por-el-robo-de-una-motocicleta-y-otro-por-agredir-a-uniformados\/whatsapp-image-2021-05-15-at-12-02-03\/\" data-orig-file=\"https:\/\/eldiariodesanpedro.com.ar\/sitio\/wp-content\/uploads\/2021\/05\/WhatsApp-Image-2021-05-15-at-12.02.03.jpeg\" data-orig-size=\"372,439\" data-comments-opened=\"1\" data-image-meta=\"{&quot;aperture&quot;:&quot;0&quot;,&quot;credit&quot;:&quot;&quot;,&quot;camera&quot;:&quot;&quot;,&quot;caption&quot;:&quot;&quot;,&quot;created_timestamp&quot;:&quot;0&quot;,&quot;copyright&quot;:&quot;&quot;,&quot;focal_length&quot;:&quot;0&quot;,&quot;iso&quot;:&quot;0&quot;,&quot;shutter_speed&quot;:&quot;0&quot;,&quot;title&quot;:&quot;&quot;,&quot;orientation&quot;:&quot;0&quot;}\" data-image-title=\"WhatsApp Image 2021-05-15 at 12.02.03\" data-image-description=\"\" data-image-caption=\"\" data-large-file=\"https:\/\/eldiariodesanpedro.com.ar\/sitio\/wp-content\/uploads\/2021\/05\/WhatsApp-Image-2021-05-15-at-12.02.03.jpeg\" data-src=\"https:\/\/eldiariodesanpedro.com.ar\/sitio\/wp-content\/uploads\/2021\/05\/WhatsApp-Image-2021-05-15-at-12.02.03.jpeg\" alt=\"\" class=\"wp-image-92598 lazyload\" data-srcset=\"https:\/\/eldiariodesanpedro.com.ar\/sitio\/wp-content\/uploads\/2021\/05\/WhatsApp-Image-2021-05-15-at-12.02.03.jpeg 372w, https:\/\/eldiariodesanpedro.com.ar\/sitio\/wp-content\/uploads\/2021\/05\/WhatsApp-Image-2021-05-15-at-12.02.03-254x300.jpeg 254w\" data-sizes=\"(max-width: 372px) 100vw, 372px\" src=\"data:image\/svg+xml;base64,PHN2ZyB3aWR0aD0iMSIgaGVpZ2h0PSIxIiB4bWxucz0iaHR0cDovL3d3dy53My5vcmcvMjAwMC9zdmciPjwvc3ZnPg==\" style=\"--smush-placeholder-width: 372px; --smush-placeholder-aspect-ratio: 372\/439;\" \/><\/figure>\n","protected":false},"excerpt":{"rendered":"<p>En la madrugada de hoy, alrededor de las 03 hs el personal policial r\u00e1pido accionar en calle Boulevard Moreno entre Benefactora Sampedrina y Mateo Sbert, se procede a la aprehensi\u00f3n en fuga de reconocido delincuente de 25 a\u00f1os de edad y de delincuente de 16 a\u00f1os quienes circulaban a bordo de motocicleta 110 cc, la [&hellip;]<\/p>\n","protected":false},"author":4,"featured_media":92595,"comment_status":"open","ping_status":"closed","sticky":false,"template":"","format":"standard","meta":{"om_disable_all_campaigns":false,"_jetpack_memberships_contains_paid_content":false,"footnotes":""},"categories":[50,2,103],"tags":[],"class_list":["post-92594","post","type-post","status-publish","format-standard","has-post-thumbnail","hentry","category-destacadas","category-locales","category-policiales-locales"],"aioseo_notices":[],"gutentor_comment":0,"jetpack_featured_media_url":"https:\/\/eldiariodesanpedro.com.ar\/sitio\/wp-content\/uploads\/2021\/05\/Sin-titulo-2-1.jpg","jetpack_shortlink":"https:\/\/wp.me\/p6RhLt-o5s","jetpack_sharing_enabled":true,"_links":{"self":[{"href":"https:\/\/eldiariodesanpedro.com.ar\/sitio\/wp-json\/wp\/v2\/posts\/92594","targetHints":{"allow":["GET"]}}],"collection":[{"href":"https:\/\/eldiariodesanpedro.com.ar\/sitio\/wp-json\/wp\/v2\/posts"}],"about":[{"href":"https:\/\/eldiariodesanpedro.com.ar\/sitio\/wp-json\/wp\/v2\/types\/post"}],"author":[{"embeddable":true,"href":"https:\/\/eldiariodesanpedro.com.ar\/sitio\/wp-json\/wp\/v2\/users\/4"}],"replies":[{"embeddable":true,"href":"https:\/\/eldiariodesanpedro.com.ar\/sitio\/wp-json\/wp\/v2\/comments?post=92594"}],"version-history":[{"count":1,"href":"https:\/\/eldiariodesanpedro.com.ar\/sitio\/wp-json\/wp\/v2\/posts\/92594\/revisions"}],"predecessor-version":[{"id":92599,"href":"https:\/\/eldiariodesanpedro.com.ar\/sitio\/wp-json\/wp\/v2\/posts\/92594\/revisions\/92599"}],"wp:featuredmedia":[{"embeddable":true,"href":"https:\/\/eldiariodesanpedro.com.ar\/sitio\/wp-json\/wp\/v2\/media\/92595"}],"wp:attachment":[{"href":"https:\/\/eldiariodesanpedro.com.ar\/sitio\/wp-json\/wp\/v2\/media?parent=92594"}],"wp:term":[{"taxonomy":"category","embeddable":true,"href":"https:\/\/eldiariodesanpedro.com.ar\/sitio\/wp-json\/wp\/v2\/categories?post=92594"},{"taxonomy":"post_tag","embeddable":true,"href":"https:\/\/eldiariodesanpedro.com.ar\/sitio\/wp-json\/wp\/v2\/tags?post=92594"}],"curies":[{"name":"wp","href":"https:\/\/api.w.org\/{rel}","templated":true}]}}