{"id":92585,"date":"2021-05-15T18:39:31","date_gmt":"2021-05-15T21:39:31","guid":{"rendered":"https:\/\/eldiariodesanpedro.com.ar\/sitio\/?p=92585"},"modified":"2021-05-15T18:39:37","modified_gmt":"2021-05-15T21:39:37","slug":"detencion-de-delincuente-por-una-orden-judicial-en-una-causa-de-amenazas-agravadas","status":"publish","type":"post","link":"https:\/\/eldiariodesanpedro.com.ar\/sitio\/detencion-de-delincuente-por-una-orden-judicial-en-una-causa-de-amenazas-agravadas\/","title":{"rendered":"Detenci\u00f3n de delincuente por una orden judicial en una causa de amenazas agravadas"},"content":{"rendered":"<!-- VideographyWP Plugin Message: Automatic video embedding prevented by plugin options. -->\n\n<p>Anoche promediando las 21 hs el personal policiales del gabinete criminol\u00f3gico de la comisar\u00eda di\u00f3 cumplimiento orden de allanamiento y detenci\u00f3n en el marco de causa judicial&nbsp; amenazas reiteradas, amenazas agravadas, desobediencia en concurso real.&nbsp;<\/p>\n\n\n\n<p>La diligencia se dio en calle Nieto de Torres y Pedro Cabrera, donde se efectiviz\u00f3 la detenci\u00f3n del delincuente imputado buscado trat\u00e1ndose de un masculino de 36 a\u00f1os sobre quien pesaba&nbsp; detenci\u00f3n por orden judicial causa menci\u00f3n a requerimiento de fiscal\u00eda N\u00b07 y&nbsp; Juzgado de&nbsp; Garantias de San Nicolas.&nbsp;<\/p>\n\n\n\n<p>Los hechos sobre el imputado se denunciaron en la. comisaria de la mujer local, por la conducta violenta y abusiva del delincuente, adem\u00e1s de existir consigna policial por orden judicial en la casa de la v\u00edctima.&nbsp;<\/p>\n\n\n\n<p>Ahora el delincuente agresor deber\u00e1 permanecer detenido por una sede policial hasta su resoluci\u00f3n.&nbsp;<\/p>\n","protected":false},"excerpt":{"rendered":"<p>Anoche promediando las 21 hs el personal policiales del gabinete criminol\u00f3gico de la comisar\u00eda di\u00f3 cumplimiento orden de allanamiento y detenci\u00f3n en el marco de causa judicial&nbsp; amenazas reiteradas, amenazas agravadas, desobediencia en concurso real.&nbsp; La diligencia se dio en calle Nieto de Torres y Pedro Cabrera, donde se efectiviz\u00f3 la detenci\u00f3n del delincuente imputado [&hellip;]<\/p>\n","protected":false},"author":4,"featured_media":66577,"comment_status":"open","ping_status":"closed","sticky":false,"template":"","format":"standard","meta":{"om_disable_all_campaigns":false,"_jetpack_memberships_contains_paid_content":false,"footnotes":""},"categories":[2,103],"tags":[],"class_list":["post-92585","post","type-post","status-publish","format-standard","has-post-thumbnail","hentry","category-locales","category-policiales-locales"],"aioseo_notices":[],"gutentor_comment":0,"jetpack_featured_media_url":"https:\/\/eldiariodesanpedro.com.ar\/sitio\/wp-content\/uploads\/2020\/01\/Poli-detenido-A.png","jetpack_shortlink":"https:\/\/wp.me\/p6RhLt-o5j","jetpack_sharing_enabled":true,"_links":{"self":[{"href":"https:\/\/eldiariodesanpedro.com.ar\/sitio\/wp-json\/wp\/v2\/posts\/92585","targetHints":{"allow":["GET"]}}],"collection":[{"href":"https:\/\/eldiariodesanpedro.com.ar\/sitio\/wp-json\/wp\/v2\/posts"}],"about":[{"href":"https:\/\/eldiariodesanpedro.com.ar\/sitio\/wp-json\/wp\/v2\/types\/post"}],"author":[{"embeddable":true,"href":"https:\/\/eldiariodesanpedro.com.ar\/sitio\/wp-json\/wp\/v2\/users\/4"}],"replies":[{"embeddable":true,"href":"https:\/\/eldiariodesanpedro.com.ar\/sitio\/wp-json\/wp\/v2\/comments?post=92585"}],"version-history":[{"count":1,"href":"https:\/\/eldiariodesanpedro.com.ar\/sitio\/wp-json\/wp\/v2\/posts\/92585\/revisions"}],"predecessor-version":[{"id":92586,"href":"https:\/\/eldiariodesanpedro.com.ar\/sitio\/wp-json\/wp\/v2\/posts\/92585\/revisions\/92586"}],"wp:featuredmedia":[{"embeddable":true,"href":"https:\/\/eldiariodesanpedro.com.ar\/sitio\/wp-json\/wp\/v2\/media\/66577"}],"wp:attachment":[{"href":"https:\/\/eldiariodesanpedro.com.ar\/sitio\/wp-json\/wp\/v2\/media?parent=92585"}],"wp:term":[{"taxonomy":"category","embeddable":true,"href":"https:\/\/eldiariodesanpedro.com.ar\/sitio\/wp-json\/wp\/v2\/categories?post=92585"},{"taxonomy":"post_tag","embeddable":true,"href":"https:\/\/eldiariodesanpedro.com.ar\/sitio\/wp-json\/wp\/v2\/tags?post=92585"}],"curies":[{"name":"wp","href":"https:\/\/api.w.org\/{rel}","templated":true}]}}