{"id":92583,"date":"2021-05-15T18:23:33","date_gmt":"2021-05-15T21:23:33","guid":{"rendered":"https:\/\/eldiariodesanpedro.com.ar\/sitio\/?p=92583"},"modified":"2021-05-15T18:23:34","modified_gmt":"2021-05-15T21:23:34","slug":"dos-jovenes-aprehendidos-por-tenencia-de-marihuana-infimo-pesaje","status":"publish","type":"post","link":"https:\/\/eldiariodesanpedro.com.ar\/sitio\/dos-jovenes-aprehendidos-por-tenencia-de-marihuana-infimo-pesaje\/","title":{"rendered":"Dos j\u00f3venes aprehendidos por tenencia de marihuana \u00ednfimo pesaje"},"content":{"rendered":"<!-- VideographyWP Plugin Message: Automatic video embedding prevented by plugin options. -->\n\n<p>El&nbsp; personal policial de la comisar\u00eda en las \u00faltimas horas traslad\u00f3 a sede policial de distintos lugares y horario a dos masculinos mayores de edad a quienes se les secuestr\u00f3 en su poder sustancia marihuana \u00ednfimo pesaje.&nbsp;<\/p>\n\n\n\n<p>Se labraron actuaciones judiciales por el delito mencionado con intervenci\u00f3n de la justicia local.<\/p>\n","protected":false},"excerpt":{"rendered":"<p>El&nbsp; personal policial de la comisar\u00eda en las \u00faltimas horas traslad\u00f3 a sede policial de distintos lugares y horario a dos masculinos mayores de edad a quienes se les secuestr\u00f3 en su poder sustancia marihuana \u00ednfimo pesaje.&nbsp; Se labraron actuaciones judiciales por el delito mencionado con intervenci\u00f3n de la justicia local.<\/p>\n","protected":false},"author":4,"featured_media":78774,"comment_status":"open","ping_status":"closed","sticky":false,"template":"","format":"standard","meta":{"om_disable_all_campaigns":false,"_jetpack_memberships_contains_paid_content":false,"footnotes":""},"categories":[2,103],"tags":[],"class_list":["post-92583","post","type-post","status-publish","format-standard","has-post-thumbnail","hentry","category-locales","category-policiales-locales"],"aioseo_notices":[],"gutentor_comment":0,"jetpack_featured_media_url":"https:\/\/eldiariodesanpedro.com.ar\/sitio\/wp-content\/uploads\/2020\/08\/Policia-de-noche-2014-695x510-1.jpg","jetpack_shortlink":"https:\/\/wp.me\/p6RhLt-o5h","jetpack_sharing_enabled":true,"_links":{"self":[{"href":"https:\/\/eldiariodesanpedro.com.ar\/sitio\/wp-json\/wp\/v2\/posts\/92583","targetHints":{"allow":["GET"]}}],"collection":[{"href":"https:\/\/eldiariodesanpedro.com.ar\/sitio\/wp-json\/wp\/v2\/posts"}],"about":[{"href":"https:\/\/eldiariodesanpedro.com.ar\/sitio\/wp-json\/wp\/v2\/types\/post"}],"author":[{"embeddable":true,"href":"https:\/\/eldiariodesanpedro.com.ar\/sitio\/wp-json\/wp\/v2\/users\/4"}],"replies":[{"embeddable":true,"href":"https:\/\/eldiariodesanpedro.com.ar\/sitio\/wp-json\/wp\/v2\/comments?post=92583"}],"version-history":[{"count":1,"href":"https:\/\/eldiariodesanpedro.com.ar\/sitio\/wp-json\/wp\/v2\/posts\/92583\/revisions"}],"predecessor-version":[{"id":92584,"href":"https:\/\/eldiariodesanpedro.com.ar\/sitio\/wp-json\/wp\/v2\/posts\/92583\/revisions\/92584"}],"wp:featuredmedia":[{"embeddable":true,"href":"https:\/\/eldiariodesanpedro.com.ar\/sitio\/wp-json\/wp\/v2\/media\/78774"}],"wp:attachment":[{"href":"https:\/\/eldiariodesanpedro.com.ar\/sitio\/wp-json\/wp\/v2\/media?parent=92583"}],"wp:term":[{"taxonomy":"category","embeddable":true,"href":"https:\/\/eldiariodesanpedro.com.ar\/sitio\/wp-json\/wp\/v2\/categories?post=92583"},{"taxonomy":"post_tag","embeddable":true,"href":"https:\/\/eldiariodesanpedro.com.ar\/sitio\/wp-json\/wp\/v2\/tags?post=92583"}],"curies":[{"name":"wp","href":"https:\/\/api.w.org\/{rel}","templated":true}]}}