{"id":92579,"date":"2021-05-15T18:21:12","date_gmt":"2021-05-15T21:21:12","guid":{"rendered":"https:\/\/eldiariodesanpedro.com.ar\/sitio\/?p=92579"},"modified":"2021-05-15T18:21:19","modified_gmt":"2021-05-15T21:21:19","slug":"dos-aprehendidos-por-tenencia-de-arma-blanca-2","status":"publish","type":"post","link":"https:\/\/eldiariodesanpedro.com.ar\/sitio\/dos-aprehendidos-por-tenencia-de-arma-blanca-2\/","title":{"rendered":"Dos aprehendidos por tenencia de arma blanca"},"content":{"rendered":"<!-- VideographyWP Plugin Message: Automatic video embedding prevented by plugin options. -->\n\n<p>&nbsp;En la tarde de ayer el personal policial de la comisar\u00eda de nuestra ciudad se tuvo que hacer presente en calle Bozzano y Benefactora Sampedrina donde aprehenden a ciudadano de 19 a\u00f1os a quien se le secuestr\u00f3 en su poder arma blanca.&nbsp;<\/p>\n\n\n\n<p>Otro procedimiento similar se dio&nbsp; anoche \u00faltima horas del d\u00eda en&nbsp; Camino Los Dos Pinos Barrio La Calandria donde se aprehende masculino de 39 secuestrandose en su poder&nbsp; arma blanca.<\/p>\n\n\n\n<p>En ambos casos\u00a0 se labraron actuaciones contravencionales por infracci\u00f3n al c\u00f3digo de faltas ley 8031 Interviene el Juzgado de Paz de San Pedro.<\/p>\n\n\n\n<figure class=\"wp-block-image size-large\"><img decoding=\"async\" width=\"1024\" height=\"576\" data-attachment-id=\"92581\" data-permalink=\"https:\/\/eldiariodesanpedro.com.ar\/sitio\/dos-aprehendidos-por-tenencia-de-arma-blanca-2\/whatsapp-image-2021-05-15-at-12-02-44\/\" data-orig-file=\"https:\/\/eldiariodesanpedro.com.ar\/sitio\/wp-content\/uploads\/2021\/05\/WhatsApp-Image-2021-05-15-at-12.02.44.jpeg\" data-orig-size=\"1280,720\" data-comments-opened=\"1\" data-image-meta=\"{&quot;aperture&quot;:&quot;0&quot;,&quot;credit&quot;:&quot;&quot;,&quot;camera&quot;:&quot;&quot;,&quot;caption&quot;:&quot;&quot;,&quot;created_timestamp&quot;:&quot;0&quot;,&quot;copyright&quot;:&quot;&quot;,&quot;focal_length&quot;:&quot;0&quot;,&quot;iso&quot;:&quot;0&quot;,&quot;shutter_speed&quot;:&quot;0&quot;,&quot;title&quot;:&quot;&quot;,&quot;orientation&quot;:&quot;0&quot;}\" data-image-title=\"WhatsApp Image 2021-05-15 at 12.02.44\" data-image-description=\"\" data-image-caption=\"\" data-large-file=\"https:\/\/eldiariodesanpedro.com.ar\/sitio\/wp-content\/uploads\/2021\/05\/WhatsApp-Image-2021-05-15-at-12.02.44-1024x576.jpeg\" data-src=\"https:\/\/eldiariodesanpedro.com.ar\/sitio\/wp-content\/uploads\/2021\/05\/WhatsApp-Image-2021-05-15-at-12.02.44-1024x576.jpeg\" alt=\"\" class=\"wp-image-92581 lazyload\" data-srcset=\"https:\/\/eldiariodesanpedro.com.ar\/sitio\/wp-content\/uploads\/2021\/05\/WhatsApp-Image-2021-05-15-at-12.02.44-1024x576.jpeg 1024w, https:\/\/eldiariodesanpedro.com.ar\/sitio\/wp-content\/uploads\/2021\/05\/WhatsApp-Image-2021-05-15-at-12.02.44-300x169.jpeg 300w, https:\/\/eldiariodesanpedro.com.ar\/sitio\/wp-content\/uploads\/2021\/05\/WhatsApp-Image-2021-05-15-at-12.02.44-768x432.jpeg 768w, https:\/\/eldiariodesanpedro.com.ar\/sitio\/wp-content\/uploads\/2021\/05\/WhatsApp-Image-2021-05-15-at-12.02.44-800x450.jpeg 800w, https:\/\/eldiariodesanpedro.com.ar\/sitio\/wp-content\/uploads\/2021\/05\/WhatsApp-Image-2021-05-15-at-12.02.44.jpeg 1280w\" data-sizes=\"(max-width: 1024px) 100vw, 1024px\" src=\"data:image\/svg+xml;base64,PHN2ZyB3aWR0aD0iMSIgaGVpZ2h0PSIxIiB4bWxucz0iaHR0cDovL3d3dy53My5vcmcvMjAwMC9zdmciPjwvc3ZnPg==\" style=\"--smush-placeholder-width: 1024px; --smush-placeholder-aspect-ratio: 1024\/576;\" \/><\/figure>\n","protected":false},"excerpt":{"rendered":"<p>&nbsp;En la tarde de ayer el personal policial de la comisar\u00eda de nuestra ciudad se tuvo que hacer presente en calle Bozzano y Benefactora Sampedrina donde aprehenden a ciudadano de 19 a\u00f1os a quien se le secuestr\u00f3 en su poder arma blanca.&nbsp; Otro procedimiento similar se dio&nbsp; anoche \u00faltima horas del d\u00eda en&nbsp; Camino Los [&hellip;]<\/p>\n","protected":false},"author":4,"featured_media":92580,"comment_status":"open","ping_status":"closed","sticky":false,"template":"","format":"standard","meta":{"om_disable_all_campaigns":false,"_jetpack_memberships_contains_paid_content":false,"footnotes":""},"categories":[2,103],"tags":[],"class_list":["post-92579","post","type-post","status-publish","format-standard","has-post-thumbnail","hentry","category-locales","category-policiales-locales"],"aioseo_notices":[],"gutentor_comment":0,"jetpack_featured_media_url":"https:\/\/eldiariodesanpedro.com.ar\/sitio\/wp-content\/uploads\/2021\/05\/WhatsApp-Image-2021-05-15-at-12.02.43.jpeg","jetpack_shortlink":"https:\/\/wp.me\/p6RhLt-o5d","jetpack_sharing_enabled":true,"_links":{"self":[{"href":"https:\/\/eldiariodesanpedro.com.ar\/sitio\/wp-json\/wp\/v2\/posts\/92579","targetHints":{"allow":["GET"]}}],"collection":[{"href":"https:\/\/eldiariodesanpedro.com.ar\/sitio\/wp-json\/wp\/v2\/posts"}],"about":[{"href":"https:\/\/eldiariodesanpedro.com.ar\/sitio\/wp-json\/wp\/v2\/types\/post"}],"author":[{"embeddable":true,"href":"https:\/\/eldiariodesanpedro.com.ar\/sitio\/wp-json\/wp\/v2\/users\/4"}],"replies":[{"embeddable":true,"href":"https:\/\/eldiariodesanpedro.com.ar\/sitio\/wp-json\/wp\/v2\/comments?post=92579"}],"version-history":[{"count":1,"href":"https:\/\/eldiariodesanpedro.com.ar\/sitio\/wp-json\/wp\/v2\/posts\/92579\/revisions"}],"predecessor-version":[{"id":92582,"href":"https:\/\/eldiariodesanpedro.com.ar\/sitio\/wp-json\/wp\/v2\/posts\/92579\/revisions\/92582"}],"wp:featuredmedia":[{"embeddable":true,"href":"https:\/\/eldiariodesanpedro.com.ar\/sitio\/wp-json\/wp\/v2\/media\/92580"}],"wp:attachment":[{"href":"https:\/\/eldiariodesanpedro.com.ar\/sitio\/wp-json\/wp\/v2\/media?parent=92579"}],"wp:term":[{"taxonomy":"category","embeddable":true,"href":"https:\/\/eldiariodesanpedro.com.ar\/sitio\/wp-json\/wp\/v2\/categories?post=92579"},{"taxonomy":"post_tag","embeddable":true,"href":"https:\/\/eldiariodesanpedro.com.ar\/sitio\/wp-json\/wp\/v2\/tags?post=92579"}],"curies":[{"name":"wp","href":"https:\/\/api.w.org\/{rel}","templated":true}]}}