{"id":92575,"date":"2021-05-15T11:50:31","date_gmt":"2021-05-15T14:50:31","guid":{"rendered":"https:\/\/eldiariodesanpedro.com.ar\/sitio\/?p=92575"},"modified":"2021-05-15T19:21:09","modified_gmt":"2021-05-15T22:21:09","slug":"encontraron-en-baradero-a-la-menor-que-en-un-principio-se-habia-fugado-con-su-tio","status":"publish","type":"post","link":"https:\/\/eldiariodesanpedro.com.ar\/sitio\/encontraron-en-baradero-a-la-menor-que-en-un-principio-se-habia-fugado-con-su-tio\/","title":{"rendered":"Encontraron en Baradero a la menor que en un principio se hab\u00eda fugado con su t\u00edo"},"content":{"rendered":"<!-- VideographyWP Plugin Message: Automatic video embedding prevented by plugin options. -->\n\n<p>La menor&nbsp; de 16 a\u00f1os era buscada intensamente y se sospechaba que hab\u00eda huido con su t\u00edo de 40 a\u00f1os con quien tendr\u00eda una relaci\u00f3n estrecha.<\/p>\n\n\n\n<p>Hace d\u00edas la adolecente se hab\u00eda comunicado con sus familiares expresando que no quer\u00eda regresar, que estaba embarazada de tres meses y que no se encontraba con el sospechado.<\/p>\n\n\n\n<p>Este s\u00e1bado por la ma\u00f1ana personal de la Sub Ddi Baradero logr\u00f3 comunicarse al n\u00famero de tel\u00e9fono de la menor, que segu\u00eda siendo investigado y pactaron un encuentro.Fue as\u00ed que personal femenino de la fuerza policial se hizo presente y a las 10.00 hs se encontraron con la joven en buen estado de salud y confirmaron que no fue v\u00edctima de ning\u00fan il\u00edcito.<\/p>\n\n\n\n<p>Se aguarda que la misma sea trasladada a la Comisar\u00eda de Mujer y la Familia de nuestra ciudad, para continuar con las actuaciones que imparta la justicia.<\/p>\n\n\n\n<figure class=\"wp-block-image size-large\"><img decoding=\"async\" width=\"766\" height=\"1024\" data-attachment-id=\"92577\" data-permalink=\"https:\/\/eldiariodesanpedro.com.ar\/sitio\/encontraron-en-baradero-a-la-menor-que-en-un-principio-se-habia-fugado-con-su-tio\/whatsapp-image-2021-05-15-at-11-42-41\/\" data-orig-file=\"https:\/\/eldiariodesanpedro.com.ar\/sitio\/wp-content\/uploads\/2021\/05\/WhatsApp-Image-2021-05-15-at-11.42.41.jpeg\" data-orig-size=\"958,1280\" data-comments-opened=\"1\" data-image-meta=\"{&quot;aperture&quot;:&quot;0&quot;,&quot;credit&quot;:&quot;&quot;,&quot;camera&quot;:&quot;&quot;,&quot;caption&quot;:&quot;&quot;,&quot;created_timestamp&quot;:&quot;0&quot;,&quot;copyright&quot;:&quot;&quot;,&quot;focal_length&quot;:&quot;0&quot;,&quot;iso&quot;:&quot;0&quot;,&quot;shutter_speed&quot;:&quot;0&quot;,&quot;title&quot;:&quot;&quot;,&quot;orientation&quot;:&quot;0&quot;}\" data-image-title=\"WhatsApp Image 2021-05-15 at 11.42.41\" data-image-description=\"\" data-image-caption=\"\" data-large-file=\"https:\/\/eldiariodesanpedro.com.ar\/sitio\/wp-content\/uploads\/2021\/05\/WhatsApp-Image-2021-05-15-at-11.42.41-766x1024.jpeg\" data-src=\"https:\/\/eldiariodesanpedro.com.ar\/sitio\/wp-content\/uploads\/2021\/05\/WhatsApp-Image-2021-05-15-at-11.42.41-766x1024.jpeg\" alt=\"\" class=\"wp-image-92577 lazyload\" data-srcset=\"https:\/\/eldiariodesanpedro.com.ar\/sitio\/wp-content\/uploads\/2021\/05\/WhatsApp-Image-2021-05-15-at-11.42.41-766x1024.jpeg 766w, https:\/\/eldiariodesanpedro.com.ar\/sitio\/wp-content\/uploads\/2021\/05\/WhatsApp-Image-2021-05-15-at-11.42.41-225x300.jpeg 225w, https:\/\/eldiariodesanpedro.com.ar\/sitio\/wp-content\/uploads\/2021\/05\/WhatsApp-Image-2021-05-15-at-11.42.41-768x1026.jpeg 768w, https:\/\/eldiariodesanpedro.com.ar\/sitio\/wp-content\/uploads\/2021\/05\/WhatsApp-Image-2021-05-15-at-11.42.41.jpeg 958w\" data-sizes=\"(max-width: 766px) 100vw, 766px\" src=\"data:image\/svg+xml;base64,PHN2ZyB3aWR0aD0iMSIgaGVpZ2h0PSIxIiB4bWxucz0iaHR0cDovL3d3dy53My5vcmcvMjAwMC9zdmciPjwvc3ZnPg==\" style=\"--smush-placeholder-width: 766px; --smush-placeholder-aspect-ratio: 766\/1024;\" \/><\/figure>\n","protected":false},"excerpt":{"rendered":"<p>La menor&nbsp; de 16 a\u00f1os era buscada intensamente y se sospechaba que hab\u00eda huido con su t\u00edo de 40 a\u00f1os con quien tendr\u00eda una relaci\u00f3n estrecha. Hace d\u00edas la adolecente se hab\u00eda comunicado con sus familiares expresando que no quer\u00eda regresar, que estaba embarazada de tres meses y que no se encontraba con el sospechado. [&hellip;]<\/p>\n","protected":false},"author":4,"featured_media":92576,"comment_status":"open","ping_status":"closed","sticky":false,"template":"","format":"standard","meta":{"om_disable_all_campaigns":false,"_jetpack_memberships_contains_paid_content":false,"footnotes":""},"categories":[50,2,103],"tags":[],"class_list":["post-92575","post","type-post","status-publish","format-standard","has-post-thumbnail","hentry","category-destacadas","category-locales","category-policiales-locales"],"aioseo_notices":[],"gutentor_comment":0,"jetpack_featured_media_url":"https:\/\/eldiariodesanpedro.com.ar\/sitio\/wp-content\/uploads\/2021\/05\/Sin-titulo-1-10.jpg","jetpack_shortlink":"https:\/\/wp.me\/p6RhLt-o59","jetpack_sharing_enabled":true,"_links":{"self":[{"href":"https:\/\/eldiariodesanpedro.com.ar\/sitio\/wp-json\/wp\/v2\/posts\/92575","targetHints":{"allow":["GET"]}}],"collection":[{"href":"https:\/\/eldiariodesanpedro.com.ar\/sitio\/wp-json\/wp\/v2\/posts"}],"about":[{"href":"https:\/\/eldiariodesanpedro.com.ar\/sitio\/wp-json\/wp\/v2\/types\/post"}],"author":[{"embeddable":true,"href":"https:\/\/eldiariodesanpedro.com.ar\/sitio\/wp-json\/wp\/v2\/users\/4"}],"replies":[{"embeddable":true,"href":"https:\/\/eldiariodesanpedro.com.ar\/sitio\/wp-json\/wp\/v2\/comments?post=92575"}],"version-history":[{"count":1,"href":"https:\/\/eldiariodesanpedro.com.ar\/sitio\/wp-json\/wp\/v2\/posts\/92575\/revisions"}],"predecessor-version":[{"id":92578,"href":"https:\/\/eldiariodesanpedro.com.ar\/sitio\/wp-json\/wp\/v2\/posts\/92575\/revisions\/92578"}],"wp:featuredmedia":[{"embeddable":true,"href":"https:\/\/eldiariodesanpedro.com.ar\/sitio\/wp-json\/wp\/v2\/media\/92576"}],"wp:attachment":[{"href":"https:\/\/eldiariodesanpedro.com.ar\/sitio\/wp-json\/wp\/v2\/media?parent=92575"}],"wp:term":[{"taxonomy":"category","embeddable":true,"href":"https:\/\/eldiariodesanpedro.com.ar\/sitio\/wp-json\/wp\/v2\/categories?post=92575"},{"taxonomy":"post_tag","embeddable":true,"href":"https:\/\/eldiariodesanpedro.com.ar\/sitio\/wp-json\/wp\/v2\/tags?post=92575"}],"curies":[{"name":"wp","href":"https:\/\/api.w.org\/{rel}","templated":true}]}}