{"id":92571,"date":"2021-05-14T20:21:14","date_gmt":"2021-05-14T23:21:14","guid":{"rendered":"https:\/\/eldiariodesanpedro.com.ar\/sitio\/?p=92571"},"modified":"2021-05-14T20:21:20","modified_gmt":"2021-05-14T23:21:20","slug":"arqueologos-de-la-universidad-de-lujan-estudian-el-objeto-encontrado-en-vuelta-de-obligado","status":"publish","type":"post","link":"https:\/\/eldiariodesanpedro.com.ar\/sitio\/arqueologos-de-la-universidad-de-lujan-estudian-el-objeto-encontrado-en-vuelta-de-obligado\/","title":{"rendered":"Arque\u00f3logos de la Universidad de Luj\u00e1n estudian el objeto encontrado en Vuelta de Obligado"},"content":{"rendered":"<!-- VideographyWP Plugin Message: Automatic video embedding prevented by plugin options. -->\n\n<p>Este viernes, el equipo de arque\u00f3logos de la Universidad de Luj\u00e1n, comandados por Mariano Ramos, llegaron hasta Vuelta de Obligado y fueron recibidos por la Directora de Cultura Mar\u00eda Jos\u00e9 Mora, para realizar los primeros estudios al objeto encontrado en la vecina localidad el pasado martes por el pescador local Jorge L\u00f3pez.<\/p>\n\n\n\n<p>Seg\u00fan los primeros registros realizados ser\u00eda un malacate o torno utilizado durante la segunda mitad del siglo XIX, en los nav\u00edos para levantar anclas a trav\u00e9s de cadenas. Al parecer, el objeto encontrado en las costas de Vuelta de Obligado, no pertenecer\u00eda a la Batalla ocurrida el 20 de noviembre de 1845, ya que no fue encontrado dentro del \u00e1rea donde se desarroll\u00f3 el combate.<\/p>\n\n\n\n<figure class=\"wp-block-image size-large\"><img decoding=\"async\" width=\"768\" height=\"1024\" data-attachment-id=\"92572\" data-permalink=\"https:\/\/eldiariodesanpedro.com.ar\/sitio\/arqueologos-de-la-universidad-de-lujan-estudian-el-objeto-encontrado-en-vuelta-de-obligado\/whatsapp-image-2021-05-14-at-20-15-00\/\" data-orig-file=\"https:\/\/eldiariodesanpedro.com.ar\/sitio\/wp-content\/uploads\/2021\/05\/WhatsApp-Image-2021-05-14-at-20.15.00.jpeg\" data-orig-size=\"774,1032\" data-comments-opened=\"1\" data-image-meta=\"{&quot;aperture&quot;:&quot;0&quot;,&quot;credit&quot;:&quot;&quot;,&quot;camera&quot;:&quot;&quot;,&quot;caption&quot;:&quot;&quot;,&quot;created_timestamp&quot;:&quot;0&quot;,&quot;copyright&quot;:&quot;&quot;,&quot;focal_length&quot;:&quot;0&quot;,&quot;iso&quot;:&quot;0&quot;,&quot;shutter_speed&quot;:&quot;0&quot;,&quot;title&quot;:&quot;&quot;,&quot;orientation&quot;:&quot;0&quot;}\" data-image-title=\"WhatsApp Image 2021-05-14 at 20.15.00\" data-image-description=\"\" data-image-caption=\"\" data-large-file=\"https:\/\/eldiariodesanpedro.com.ar\/sitio\/wp-content\/uploads\/2021\/05\/WhatsApp-Image-2021-05-14-at-20.15.00-768x1024.jpeg\" data-src=\"https:\/\/eldiariodesanpedro.com.ar\/sitio\/wp-content\/uploads\/2021\/05\/WhatsApp-Image-2021-05-14-at-20.15.00-768x1024.jpeg\" alt=\"\" class=\"wp-image-92572 lazyload\" data-srcset=\"https:\/\/eldiariodesanpedro.com.ar\/sitio\/wp-content\/uploads\/2021\/05\/WhatsApp-Image-2021-05-14-at-20.15.00-768x1024.jpeg 768w, https:\/\/eldiariodesanpedro.com.ar\/sitio\/wp-content\/uploads\/2021\/05\/WhatsApp-Image-2021-05-14-at-20.15.00-225x300.jpeg 225w, https:\/\/eldiariodesanpedro.com.ar\/sitio\/wp-content\/uploads\/2021\/05\/WhatsApp-Image-2021-05-14-at-20.15.00.jpeg 774w\" data-sizes=\"(max-width: 768px) 100vw, 768px\" src=\"data:image\/svg+xml;base64,PHN2ZyB3aWR0aD0iMSIgaGVpZ2h0PSIxIiB4bWxucz0iaHR0cDovL3d3dy53My5vcmcvMjAwMC9zdmciPjwvc3ZnPg==\" style=\"--smush-placeholder-width: 768px; --smush-placeholder-aspect-ratio: 768\/1024;\" \/><\/figure>\n","protected":false},"excerpt":{"rendered":"<p>Este viernes, el equipo de arque\u00f3logos de la Universidad de Luj\u00e1n, comandados por Mariano Ramos, llegaron hasta Vuelta de Obligado y fueron recibidos por la Directora de Cultura Mar\u00eda Jos\u00e9 Mora, para realizar los primeros estudios al objeto encontrado en la vecina localidad el pasado martes por el pescador local Jorge L\u00f3pez. Seg\u00fan los primeros [&hellip;]<\/p>\n","protected":false},"author":4,"featured_media":92573,"comment_status":"open","ping_status":"closed","sticky":false,"template":"","format":"standard","meta":{"om_disable_all_campaigns":false,"_jetpack_memberships_contains_paid_content":false,"footnotes":""},"categories":[50,101,2],"tags":[],"class_list":["post-92571","post","type-post","status-publish","format-standard","has-post-thumbnail","hentry","category-destacadas","category-interes-general-locales","category-locales"],"aioseo_notices":[],"gutentor_comment":0,"jetpack_featured_media_url":"https:\/\/eldiariodesanpedro.com.ar\/sitio\/wp-content\/uploads\/2021\/05\/WhatsApp-Image-2021-05-14-at-20.15.01.jpeg","jetpack_shortlink":"https:\/\/wp.me\/p6RhLt-o55","jetpack_sharing_enabled":true,"_links":{"self":[{"href":"https:\/\/eldiariodesanpedro.com.ar\/sitio\/wp-json\/wp\/v2\/posts\/92571","targetHints":{"allow":["GET"]}}],"collection":[{"href":"https:\/\/eldiariodesanpedro.com.ar\/sitio\/wp-json\/wp\/v2\/posts"}],"about":[{"href":"https:\/\/eldiariodesanpedro.com.ar\/sitio\/wp-json\/wp\/v2\/types\/post"}],"author":[{"embeddable":true,"href":"https:\/\/eldiariodesanpedro.com.ar\/sitio\/wp-json\/wp\/v2\/users\/4"}],"replies":[{"embeddable":true,"href":"https:\/\/eldiariodesanpedro.com.ar\/sitio\/wp-json\/wp\/v2\/comments?post=92571"}],"version-history":[{"count":1,"href":"https:\/\/eldiariodesanpedro.com.ar\/sitio\/wp-json\/wp\/v2\/posts\/92571\/revisions"}],"predecessor-version":[{"id":92574,"href":"https:\/\/eldiariodesanpedro.com.ar\/sitio\/wp-json\/wp\/v2\/posts\/92571\/revisions\/92574"}],"wp:featuredmedia":[{"embeddable":true,"href":"https:\/\/eldiariodesanpedro.com.ar\/sitio\/wp-json\/wp\/v2\/media\/92573"}],"wp:attachment":[{"href":"https:\/\/eldiariodesanpedro.com.ar\/sitio\/wp-json\/wp\/v2\/media?parent=92571"}],"wp:term":[{"taxonomy":"category","embeddable":true,"href":"https:\/\/eldiariodesanpedro.com.ar\/sitio\/wp-json\/wp\/v2\/categories?post=92571"},{"taxonomy":"post_tag","embeddable":true,"href":"https:\/\/eldiariodesanpedro.com.ar\/sitio\/wp-json\/wp\/v2\/tags?post=92571"}],"curies":[{"name":"wp","href":"https:\/\/api.w.org\/{rel}","templated":true}]}}