{"id":92568,"date":"2021-05-14T19:25:59","date_gmt":"2021-05-14T22:25:59","guid":{"rendered":"https:\/\/eldiariodesanpedro.com.ar\/sitio\/?p=92568"},"modified":"2021-05-14T19:26:04","modified_gmt":"2021-05-14T22:26:04","slug":"ypf-aumenta-por-ultima-vez-en-el-ano-la-nafta-subira-cerca-del-5","status":"publish","type":"post","link":"https:\/\/eldiariodesanpedro.com.ar\/sitio\/ypf-aumenta-por-ultima-vez-en-el-ano-la-nafta-subira-cerca-del-5\/","title":{"rendered":"YPF aumenta por \u00faltima vez en el a\u00f1o la nafta: subir\u00e1 cerca del 5%"},"content":{"rendered":"<!-- VideographyWP Plugin Message: Automatic video embedding prevented by plugin options. -->\n\n<p>En los pr\u00f3ximos d\u00edas -probablemente el fin de semana- YPF dispondr\u00e1 un nuevo aumento de sus combustibles en todo el pa\u00eds. Seg\u00fan adelant\u00f3 Pablo Gonz\u00e1lez, su presidente, estar\u00eda en el orden del 5% promedio.<\/p>\n\n\n\n<p>El incremento ser\u00e1 el tercero de una serie de ajustes ya anunciados y que seg\u00fan el directivo de la petrolera ser\u00e1n los \u00faltimos del a\u00f1o.<\/p>\n\n\n\n<p>Seg\u00fan afirm\u00f3 Gonz\u00e1lez, este a\u00f1o &#8211; de elecciones- la \u201cnafta va a aumentar menos que la inflaci\u00f3n\u201d, y aclar\u00f3 que se refer\u00eda a la previsi\u00f3n de inflaci\u00f3n que est\u00e1 incluida en la Ley de Presupuesto 2021, del 29%.<\/p>\n\n\n\n<p>\u201cVa a aumentar 28,1% sin importar si la inflaci\u00f3n es mayor al 29%\u201d, agreg\u00f3.<\/p>\n\n\n\n<p>Desde que Alberto Fern\u00e1ndez lleg\u00f3 al poder, los combustibles ya aumentaron 15 veces (la del fin de semana ser\u00eda la 16\u00b0 vez).<\/p>\n","protected":false},"excerpt":{"rendered":"<p>En los pr\u00f3ximos d\u00edas -probablemente el fin de semana- YPF dispondr\u00e1 un nuevo aumento de sus combustibles en todo el pa\u00eds. Seg\u00fan adelant\u00f3 Pablo Gonz\u00e1lez, su presidente, estar\u00eda en el orden del 5% promedio. El incremento ser\u00e1 el tercero de una serie de ajustes ya anunciados y que seg\u00fan el directivo de la petrolera ser\u00e1n [&hellip;]<\/p>\n","protected":false},"author":4,"featured_media":92569,"comment_status":"open","ping_status":"closed","sticky":false,"template":"","format":"standard","meta":{"om_disable_all_campaigns":false,"_jetpack_memberships_contains_paid_content":false,"footnotes":""},"categories":[621],"tags":[],"class_list":["post-92568","post","type-post","status-publish","format-standard","has-post-thumbnail","hentry","category-regionales"],"aioseo_notices":[],"gutentor_comment":0,"jetpack_featured_media_url":"https:\/\/eldiariodesanpedro.com.ar\/sitio\/wp-content\/uploads\/2021\/05\/nafta-ypf.jpg","jetpack_shortlink":"https:\/\/wp.me\/p6RhLt-o52","jetpack_sharing_enabled":true,"_links":{"self":[{"href":"https:\/\/eldiariodesanpedro.com.ar\/sitio\/wp-json\/wp\/v2\/posts\/92568","targetHints":{"allow":["GET"]}}],"collection":[{"href":"https:\/\/eldiariodesanpedro.com.ar\/sitio\/wp-json\/wp\/v2\/posts"}],"about":[{"href":"https:\/\/eldiariodesanpedro.com.ar\/sitio\/wp-json\/wp\/v2\/types\/post"}],"author":[{"embeddable":true,"href":"https:\/\/eldiariodesanpedro.com.ar\/sitio\/wp-json\/wp\/v2\/users\/4"}],"replies":[{"embeddable":true,"href":"https:\/\/eldiariodesanpedro.com.ar\/sitio\/wp-json\/wp\/v2\/comments?post=92568"}],"version-history":[{"count":1,"href":"https:\/\/eldiariodesanpedro.com.ar\/sitio\/wp-json\/wp\/v2\/posts\/92568\/revisions"}],"predecessor-version":[{"id":92570,"href":"https:\/\/eldiariodesanpedro.com.ar\/sitio\/wp-json\/wp\/v2\/posts\/92568\/revisions\/92570"}],"wp:featuredmedia":[{"embeddable":true,"href":"https:\/\/eldiariodesanpedro.com.ar\/sitio\/wp-json\/wp\/v2\/media\/92569"}],"wp:attachment":[{"href":"https:\/\/eldiariodesanpedro.com.ar\/sitio\/wp-json\/wp\/v2\/media?parent=92568"}],"wp:term":[{"taxonomy":"category","embeddable":true,"href":"https:\/\/eldiariodesanpedro.com.ar\/sitio\/wp-json\/wp\/v2\/categories?post=92568"},{"taxonomy":"post_tag","embeddable":true,"href":"https:\/\/eldiariodesanpedro.com.ar\/sitio\/wp-json\/wp\/v2\/tags?post=92568"}],"curies":[{"name":"wp","href":"https:\/\/api.w.org\/{rel}","templated":true}]}}