{"id":92555,"date":"2021-05-14T13:30:21","date_gmt":"2021-05-14T16:30:21","guid":{"rendered":"https:\/\/eldiariodesanpedro.com.ar\/sitio\/?p=92555"},"modified":"2021-05-14T13:30:25","modified_gmt":"2021-05-14T16:30:25","slug":"se-recibieron-48-nuevos-positivos-y-32-negativos-los-activos-siguen-en-aumento-ya-son-269","status":"publish","type":"post","link":"https:\/\/eldiariodesanpedro.com.ar\/sitio\/se-recibieron-48-nuevos-positivos-y-32-negativos-los-activos-siguen-en-aumento-ya-son-269\/","title":{"rendered":"Se recibieron 48 nuevos positivos y 32 negativos, los activos siguen en aumento ya son 269"},"content":{"rendered":"<!-- VideographyWP Plugin Message: Automatic video embedding prevented by plugin options. -->\n\n<p>La Secretar\u00eda de Salud de la Municipalidad de San Pedro brinda el informe que acompa\u00f1a la placa del d\u00eda de la fecha, en el seguimiento de la Pandemia de Covid-19.<\/p>\n\n\n\n<p>Se recibieron del Laboratorio Central Lab los resultados de los \u00faltimos env\u00edos de muestras con 44 positivos, y se confirmaron 4 casos positivos, a trav\u00e9s de los testeos r\u00e1pidos que se realizan en el Laboratorio del Hospital, totalizando <em>48 nuevos casos positivos<\/em>.<\/p>\n\n\n\n<p>Sobre el resto de las muestras recibidas, el Laboratorio Central Lab inform\u00f3 28 resultados negativos. Desde el Laboratorio del Hospital, se informaron 4 testeos r\u00e1pidos negativos que totaliza 32 resultados negativos.<\/p>\n\n\n\n<p>Los positivos est\u00e1n divididos en:<\/p>\n\n\n\n<ul class=\"wp-block-list\"><li>Central Lab<\/li><li>29 mujeres de 15(2), 16, 17, 18, 20(2), 23(2), 24, 26, 29, 31, 32, 35, 40, 47, 49, 50, 51, 54, 55(3), 57, 59, 62, 71 y 88 a\u00f1os.<\/li><li>15 hombres de 17, 24, 28, 31, 33, 42, 43(2), 46, 47(2), 52, 57(2) y 58 a\u00f1os.<\/li><li>Laboratorio del Hospital: Mujeres de 57, 64 y 76 a\u00f1os; y un hombre de 78 a\u00f1os.<\/li><li>Se enviaron <em>90 nuevas muestras<\/em> al Laboratorio Central Lab, cuando se reciban los resultados ser\u00e1n comunicados.<\/li><li>Se incorporan a la estad\u00edstica oficial 37 altas.<\/li><li>Se informaron los fallecimientos de la Sra. Zulema Torres de 82 a\u00f1os, de la Sra. Isabel Ippolito de 76 a\u00f1os y del Sr. Ra\u00fal Sierra de 69 a\u00f1os, con COVID 19 positivo.<\/li><\/ul>\n\n\n\n<p><em>Resumen actualizado de informaci\u00f3n oficial<\/em><\/p>\n\n\n\n<p>Positivos desde el inicio de la Pandemia: 3420<br>Activos: 269<br>Recuperados: 3028<br>Fallecidos: 123<br>Negativos desde el inicio de la Pandemia: 5258<\/p>\n\n\n\n<p>Los datos consignados en este informe corresponden a casos analizados a trav\u00e9s hisopados realizados en los \u00abconsultorios amarillos\u00bb analizados por el Laboratorio Central Lab y testeos r\u00e1pidos efectuados en el Laboratorio del Hospital.<\/p>\n\n\n\n<p>&#x1f449; Usar tapabocas.<br>&#x1f449; Mantener la distancia m\u00ednima de 2 metros.<br>&#x1f449; Extremar la higiene de los espacios.<br>&#x1f449; Mantener las manos limpias.<\/p>\n\n\n\n<p><em>Se recuerda que, ante s\u00edntomas de tos seca, fiebre y dolor de garganta se puede llamar al 148 o 107<\/em><\/p>\n","protected":false},"excerpt":{"rendered":"<p>La Secretar\u00eda de Salud de la Municipalidad de San Pedro brinda el informe que acompa\u00f1a la placa del d\u00eda de la fecha, en el seguimiento de la Pandemia de Covid-19. Se recibieron del Laboratorio Central Lab los resultados de los \u00faltimos env\u00edos de muestras con 44 positivos, y se confirmaron 4 casos positivos, a trav\u00e9s [&hellip;]<\/p>\n","protected":false},"author":4,"featured_media":77072,"comment_status":"open","ping_status":"closed","sticky":false,"template":"","format":"standard","meta":{"om_disable_all_campaigns":false,"_jetpack_memberships_contains_paid_content":false,"footnotes":""},"categories":[50,101,2],"tags":[],"class_list":["post-92555","post","type-post","status-publish","format-standard","has-post-thumbnail","hentry","category-destacadas","category-interes-general-locales","category-locales"],"aioseo_notices":[],"gutentor_comment":0,"jetpack_featured_media_url":"https:\/\/eldiariodesanpedro.com.ar\/sitio\/wp-content\/uploads\/2020\/07\/test-de-covid-19_1.jpg","jetpack_shortlink":"https:\/\/wp.me\/p6RhLt-o4P","jetpack_sharing_enabled":true,"_links":{"self":[{"href":"https:\/\/eldiariodesanpedro.com.ar\/sitio\/wp-json\/wp\/v2\/posts\/92555","targetHints":{"allow":["GET"]}}],"collection":[{"href":"https:\/\/eldiariodesanpedro.com.ar\/sitio\/wp-json\/wp\/v2\/posts"}],"about":[{"href":"https:\/\/eldiariodesanpedro.com.ar\/sitio\/wp-json\/wp\/v2\/types\/post"}],"author":[{"embeddable":true,"href":"https:\/\/eldiariodesanpedro.com.ar\/sitio\/wp-json\/wp\/v2\/users\/4"}],"replies":[{"embeddable":true,"href":"https:\/\/eldiariodesanpedro.com.ar\/sitio\/wp-json\/wp\/v2\/comments?post=92555"}],"version-history":[{"count":2,"href":"https:\/\/eldiariodesanpedro.com.ar\/sitio\/wp-json\/wp\/v2\/posts\/92555\/revisions"}],"predecessor-version":[{"id":92557,"href":"https:\/\/eldiariodesanpedro.com.ar\/sitio\/wp-json\/wp\/v2\/posts\/92555\/revisions\/92557"}],"wp:featuredmedia":[{"embeddable":true,"href":"https:\/\/eldiariodesanpedro.com.ar\/sitio\/wp-json\/wp\/v2\/media\/77072"}],"wp:attachment":[{"href":"https:\/\/eldiariodesanpedro.com.ar\/sitio\/wp-json\/wp\/v2\/media?parent=92555"}],"wp:term":[{"taxonomy":"category","embeddable":true,"href":"https:\/\/eldiariodesanpedro.com.ar\/sitio\/wp-json\/wp\/v2\/categories?post=92555"},{"taxonomy":"post_tag","embeddable":true,"href":"https:\/\/eldiariodesanpedro.com.ar\/sitio\/wp-json\/wp\/v2\/tags?post=92555"}],"curies":[{"name":"wp","href":"https:\/\/api.w.org\/{rel}","templated":true}]}}