{"id":92550,"date":"2021-05-14T12:47:58","date_gmt":"2021-05-14T15:47:58","guid":{"rendered":"https:\/\/eldiariodesanpedro.com.ar\/sitio\/?p=92550"},"modified":"2021-05-14T12:48:03","modified_gmt":"2021-05-14T15:48:03","slug":"fallecio-isabel-ippolito-de-76-anos-otra-residente-del-hogar-de-ancianos","status":"publish","type":"post","link":"https:\/\/eldiariodesanpedro.com.ar\/sitio\/fallecio-isabel-ippolito-de-76-anos-otra-residente-del-hogar-de-ancianos\/","title":{"rendered":"Falleci\u00f3 Isabel Ippolito de 76 a\u00f1os, otra residente del hogar de ancianos"},"content":{"rendered":"<!-- VideographyWP Plugin Message: Automatic video embedding prevented by plugin options. -->\n\n<p>En la ma\u00f1ana de hoy se informo otro deceso de una mujer enferma de coronavirus que era residente del geri\u00e1trico donde ya fallecieron dos personas y otras 10 se encuentran aisladas.<\/p>\n\n\n\n<p>La Secretar\u00eda de Salud de la Municipalidad de San Pedro informa el fallecimiento de la Sra. Isabel Ippolito de 76 a\u00f1os de edad, con COVID 19 positivo y es la victima N\u00ba 122.<\/p>\n\n\n\n<p>Acompa\u00f1amos en este doloroso momento a sus familiares y seres queridos con nuestras condolencias.<\/p>\n","protected":false},"excerpt":{"rendered":"<p>En la ma\u00f1ana de hoy se informo otro deceso de una mujer enferma de coronavirus que era residente del geri\u00e1trico donde ya fallecieron dos personas y otras 10 se encuentran aisladas. La Secretar\u00eda de Salud de la Municipalidad de San Pedro informa el fallecimiento de la Sra. Isabel Ippolito de 76 a\u00f1os de edad, con [&hellip;]<\/p>\n","protected":false},"author":4,"featured_media":77464,"comment_status":"open","ping_status":"closed","sticky":false,"template":"","format":"standard","meta":{"om_disable_all_campaigns":false,"_jetpack_memberships_contains_paid_content":false,"footnotes":""},"categories":[50,101,2],"tags":[],"class_list":["post-92550","post","type-post","status-publish","format-standard","has-post-thumbnail","hentry","category-destacadas","category-interes-general-locales","category-locales"],"aioseo_notices":[],"gutentor_comment":0,"jetpack_featured_media_url":"https:\/\/eldiariodesanpedro.com.ar\/sitio\/wp-content\/uploads\/2020\/07\/5e87e1dede692.jpeg","jetpack_shortlink":"https:\/\/wp.me\/p6RhLt-o4K","jetpack_sharing_enabled":true,"_links":{"self":[{"href":"https:\/\/eldiariodesanpedro.com.ar\/sitio\/wp-json\/wp\/v2\/posts\/92550","targetHints":{"allow":["GET"]}}],"collection":[{"href":"https:\/\/eldiariodesanpedro.com.ar\/sitio\/wp-json\/wp\/v2\/posts"}],"about":[{"href":"https:\/\/eldiariodesanpedro.com.ar\/sitio\/wp-json\/wp\/v2\/types\/post"}],"author":[{"embeddable":true,"href":"https:\/\/eldiariodesanpedro.com.ar\/sitio\/wp-json\/wp\/v2\/users\/4"}],"replies":[{"embeddable":true,"href":"https:\/\/eldiariodesanpedro.com.ar\/sitio\/wp-json\/wp\/v2\/comments?post=92550"}],"version-history":[{"count":1,"href":"https:\/\/eldiariodesanpedro.com.ar\/sitio\/wp-json\/wp\/v2\/posts\/92550\/revisions"}],"predecessor-version":[{"id":92551,"href":"https:\/\/eldiariodesanpedro.com.ar\/sitio\/wp-json\/wp\/v2\/posts\/92550\/revisions\/92551"}],"wp:featuredmedia":[{"embeddable":true,"href":"https:\/\/eldiariodesanpedro.com.ar\/sitio\/wp-json\/wp\/v2\/media\/77464"}],"wp:attachment":[{"href":"https:\/\/eldiariodesanpedro.com.ar\/sitio\/wp-json\/wp\/v2\/media?parent=92550"}],"wp:term":[{"taxonomy":"category","embeddable":true,"href":"https:\/\/eldiariodesanpedro.com.ar\/sitio\/wp-json\/wp\/v2\/categories?post=92550"},{"taxonomy":"post_tag","embeddable":true,"href":"https:\/\/eldiariodesanpedro.com.ar\/sitio\/wp-json\/wp\/v2\/tags?post=92550"}],"curies":[{"name":"wp","href":"https:\/\/api.w.org\/{rel}","templated":true}]}}