{"id":92546,"date":"2021-05-14T11:27:00","date_gmt":"2021-05-14T14:27:00","guid":{"rendered":"https:\/\/eldiariodesanpedro.com.ar\/sitio\/?p=92546"},"modified":"2021-05-14T11:27:05","modified_gmt":"2021-05-14T14:27:05","slug":"se-recibieron-900-dosis-de-sinopharm-y-se-aplicaran-como-segunda-dosis-este-fin-de-semana","status":"publish","type":"post","link":"https:\/\/eldiariodesanpedro.com.ar\/sitio\/se-recibieron-900-dosis-de-sinopharm-y-se-aplicaran-como-segunda-dosis-este-fin-de-semana\/","title":{"rendered":"Se recibieron 900 dosis de Sinopharm y se aplicaran como segunda dosis este fin de semana"},"content":{"rendered":"<!-- VideographyWP Plugin Message: Automatic video embedding prevented by plugin options. -->\n\n<p>En la jornada de hoy alrededor de las 7:30 hs se recibieron 900 dosis de la vacuna Sinopharm que ser\u00e1n aplicadas este fin de semana como segundo dosis.<\/p>\n\n\n\n<p>El vacunatorio aplicara 300 de estas vacunas en las jornadas de s\u00e1bado, domingo y lunes por lo que se informa que se estar\u00e1 realizando las correspondientes aviso a trav\u00e9s de la turnera en las pr\u00f3ximas horas. <\/p>\n\n\n\n<p><\/p>\n","protected":false},"excerpt":{"rendered":"<p>En la jornada de hoy alrededor de las 7:30 hs se recibieron 900 dosis de la vacuna Sinopharm que ser\u00e1n aplicadas este fin de semana como segundo dosis. El vacunatorio aplicara 300 de estas vacunas en las jornadas de s\u00e1bado, domingo y lunes por lo que se informa que se estar\u00e1 realizando las correspondientes aviso [&hellip;]<\/p>\n","protected":false},"author":4,"featured_media":89714,"comment_status":"open","ping_status":"closed","sticky":false,"template":"","format":"standard","meta":{"om_disable_all_campaigns":false,"_jetpack_memberships_contains_paid_content":false,"footnotes":""},"categories":[50,101,2],"tags":[],"class_list":["post-92546","post","type-post","status-publish","format-standard","has-post-thumbnail","hentry","category-destacadas","category-interes-general-locales","category-locales"],"aioseo_notices":[],"gutentor_comment":0,"jetpack_featured_media_url":"https:\/\/eldiariodesanpedro.com.ar\/sitio\/wp-content\/uploads\/2021\/03\/000090625.jpg","jetpack_shortlink":"https:\/\/wp.me\/p6RhLt-o4G","jetpack_sharing_enabled":true,"_links":{"self":[{"href":"https:\/\/eldiariodesanpedro.com.ar\/sitio\/wp-json\/wp\/v2\/posts\/92546","targetHints":{"allow":["GET"]}}],"collection":[{"href":"https:\/\/eldiariodesanpedro.com.ar\/sitio\/wp-json\/wp\/v2\/posts"}],"about":[{"href":"https:\/\/eldiariodesanpedro.com.ar\/sitio\/wp-json\/wp\/v2\/types\/post"}],"author":[{"embeddable":true,"href":"https:\/\/eldiariodesanpedro.com.ar\/sitio\/wp-json\/wp\/v2\/users\/4"}],"replies":[{"embeddable":true,"href":"https:\/\/eldiariodesanpedro.com.ar\/sitio\/wp-json\/wp\/v2\/comments?post=92546"}],"version-history":[{"count":1,"href":"https:\/\/eldiariodesanpedro.com.ar\/sitio\/wp-json\/wp\/v2\/posts\/92546\/revisions"}],"predecessor-version":[{"id":92547,"href":"https:\/\/eldiariodesanpedro.com.ar\/sitio\/wp-json\/wp\/v2\/posts\/92546\/revisions\/92547"}],"wp:featuredmedia":[{"embeddable":true,"href":"https:\/\/eldiariodesanpedro.com.ar\/sitio\/wp-json\/wp\/v2\/media\/89714"}],"wp:attachment":[{"href":"https:\/\/eldiariodesanpedro.com.ar\/sitio\/wp-json\/wp\/v2\/media?parent=92546"}],"wp:term":[{"taxonomy":"category","embeddable":true,"href":"https:\/\/eldiariodesanpedro.com.ar\/sitio\/wp-json\/wp\/v2\/categories?post=92546"},{"taxonomy":"post_tag","embeddable":true,"href":"https:\/\/eldiariodesanpedro.com.ar\/sitio\/wp-json\/wp\/v2\/tags?post=92546"}],"curies":[{"name":"wp","href":"https:\/\/api.w.org\/{rel}","templated":true}]}}