{"id":92544,"date":"2021-05-14T11:22:06","date_gmt":"2021-05-14T14:22:06","guid":{"rendered":"https:\/\/eldiariodesanpedro.com.ar\/sitio\/?p=92544"},"modified":"2021-05-14T11:22:10","modified_gmt":"2021-05-14T14:22:10","slug":"dos-aprehendido-con-estupefacientes-en-la-via-publica","status":"publish","type":"post","link":"https:\/\/eldiariodesanpedro.com.ar\/sitio\/dos-aprehendido-con-estupefacientes-en-la-via-publica\/","title":{"rendered":"Dos aprehendido con estupefacientes en la v\u00eda p\u00fablica"},"content":{"rendered":"<!-- VideographyWP Plugin Message: Automatic video embedding prevented by plugin options. -->\n\n<p>La\u00a0 polic\u00eda de calle Alvarado y Javier Rivero trasladan a dos masculinos de 26 y 42 a\u00f1os de edad a quienes se les secuestra en su poder picadura marihuana \u00ednfimo pesaje se labraron actuaciones con intervenci\u00f3n de la fiscal\u00eda local.- int. UFI 11.-\u00a0<\/p>\n\n\n\n<p><\/p>\n","protected":false},"excerpt":{"rendered":"<p>La\u00a0 polic\u00eda de calle Alvarado y Javier Rivero trasladan a dos masculinos de 26 y 42 a\u00f1os de edad a quienes se les secuestra en su poder picadura marihuana \u00ednfimo pesaje se labraron actuaciones con intervenci\u00f3n de la fiscal\u00eda local.- int. UFI 11.-\u00a0<\/p>\n","protected":false},"author":4,"featured_media":67079,"comment_status":"open","ping_status":"closed","sticky":false,"template":"","format":"standard","meta":{"om_disable_all_campaigns":false,"_jetpack_memberships_contains_paid_content":false,"footnotes":""},"categories":[2,103],"tags":[],"class_list":["post-92544","post","type-post","status-publish","format-standard","has-post-thumbnail","hentry","category-locales","category-policiales-locales"],"aioseo_notices":[],"gutentor_comment":0,"jetpack_featured_media_url":"https:\/\/eldiariodesanpedro.com.ar\/sitio\/wp-content\/uploads\/2020\/01\/menor-detenido3.jpg","jetpack_shortlink":"https:\/\/wp.me\/p6RhLt-o4E","jetpack_sharing_enabled":true,"_links":{"self":[{"href":"https:\/\/eldiariodesanpedro.com.ar\/sitio\/wp-json\/wp\/v2\/posts\/92544","targetHints":{"allow":["GET"]}}],"collection":[{"href":"https:\/\/eldiariodesanpedro.com.ar\/sitio\/wp-json\/wp\/v2\/posts"}],"about":[{"href":"https:\/\/eldiariodesanpedro.com.ar\/sitio\/wp-json\/wp\/v2\/types\/post"}],"author":[{"embeddable":true,"href":"https:\/\/eldiariodesanpedro.com.ar\/sitio\/wp-json\/wp\/v2\/users\/4"}],"replies":[{"embeddable":true,"href":"https:\/\/eldiariodesanpedro.com.ar\/sitio\/wp-json\/wp\/v2\/comments?post=92544"}],"version-history":[{"count":1,"href":"https:\/\/eldiariodesanpedro.com.ar\/sitio\/wp-json\/wp\/v2\/posts\/92544\/revisions"}],"predecessor-version":[{"id":92545,"href":"https:\/\/eldiariodesanpedro.com.ar\/sitio\/wp-json\/wp\/v2\/posts\/92544\/revisions\/92545"}],"wp:featuredmedia":[{"embeddable":true,"href":"https:\/\/eldiariodesanpedro.com.ar\/sitio\/wp-json\/wp\/v2\/media\/67079"}],"wp:attachment":[{"href":"https:\/\/eldiariodesanpedro.com.ar\/sitio\/wp-json\/wp\/v2\/media?parent=92544"}],"wp:term":[{"taxonomy":"category","embeddable":true,"href":"https:\/\/eldiariodesanpedro.com.ar\/sitio\/wp-json\/wp\/v2\/categories?post=92544"},{"taxonomy":"post_tag","embeddable":true,"href":"https:\/\/eldiariodesanpedro.com.ar\/sitio\/wp-json\/wp\/v2\/tags?post=92544"}],"curies":[{"name":"wp","href":"https:\/\/api.w.org\/{rel}","templated":true}]}}