{"id":92536,"date":"2021-05-14T11:01:38","date_gmt":"2021-05-14T14:01:38","guid":{"rendered":"https:\/\/eldiariodesanpedro.com.ar\/sitio\/?p=92536"},"modified":"2021-05-14T11:02:21","modified_gmt":"2021-05-14T14:02:21","slug":"el-joven-que-realizo-la-persecucion-en-una-ram-fue-liberado","status":"publish","type":"post","link":"https:\/\/eldiariodesanpedro.com.ar\/sitio\/el-joven-que-realizo-la-persecucion-en-una-ram-fue-liberado\/","title":{"rendered":"El joven que realizo la persecuci\u00f3n en una RAM fue liberado"},"content":{"rendered":"<!-- VideographyWP Plugin Message: Automatic video embedding prevented by plugin options. -->\n\n<p>En la tarde de ayer el personal destacamento de R\u00edo Tala, alertados intent\u00f3 interceptar una camioneta marca Dodge Ram, que realizaba maniobras peligrosas, y se desplazaba por ruta 1001 hacia ruta 9.&nbsp;<\/p>\n\n\n\n<p>Dicho intento de interceptaci\u00f3n fue in\u00fatil ya que el conductor del veh\u00edculo lejos de acatar las \u00f3rdenes de detenerse, sigui\u00f3 raudamente a alta velocidad, y una vez en ruta 9, inicia marcha en carril descendente, para luego de varios kil\u00f3metros circular por el carril contrario, y intentando nuevamente a la altura de R\u00edo Tala, cruza cantero central, donde ya se hab\u00eda formado una comisi\u00f3n policial, con el fin de interceptarlo, que tambi\u00e9n fue in\u00fatil, y sale por carril decente es decir hacia buenos aires. Se alert\u00f3 a la Polic\u00eda vial y a la polic\u00eda lim\u00edtrofe, siendo que el veh\u00edculo ingresa por ruta 41 hacia Baradero, donde la polic\u00eda de ese lugar logra finalmente interceptar al internarse en un camino sin salida.&nbsp;<\/p>\n\n\n\n<p>Se aprehende a su conductor, trat\u00e1ndose de un masculno de 23 a\u00f1os de edad, residente en esta ciudad. y el personal policial result\u00f3 ileso.&nbsp;<\/p>\n\n\n\n<p>El alerta se dio porque se vio a la pickup realizar maniobras peligrosas como as\u00ed trompos. <\/p>\n\n\n\n<p>Intervino la fiscal\u00eda local en turno y respecto del aprehendido tras cumplir recaudos legales recuper\u00f3 la libertad.<\/p>\n\n\n\n<figure class=\"wp-block-image size-large\"><img decoding=\"async\" width=\"622\" height=\"823\" data-attachment-id=\"92539\" data-permalink=\"https:\/\/eldiariodesanpedro.com.ar\/sitio\/el-joven-que-realizo-la-persecucion-en-una-ram-fue-liberado\/whatsapp-image-2021-05-14-at-10-11-02\/\" data-orig-file=\"https:\/\/eldiariodesanpedro.com.ar\/sitio\/wp-content\/uploads\/2021\/05\/WhatsApp-Image-2021-05-14-at-10.11.02.jpeg\" data-orig-size=\"622,823\" data-comments-opened=\"1\" data-image-meta=\"{&quot;aperture&quot;:&quot;0&quot;,&quot;credit&quot;:&quot;&quot;,&quot;camera&quot;:&quot;&quot;,&quot;caption&quot;:&quot;&quot;,&quot;created_timestamp&quot;:&quot;0&quot;,&quot;copyright&quot;:&quot;&quot;,&quot;focal_length&quot;:&quot;0&quot;,&quot;iso&quot;:&quot;0&quot;,&quot;shutter_speed&quot;:&quot;0&quot;,&quot;title&quot;:&quot;&quot;,&quot;orientation&quot;:&quot;0&quot;}\" data-image-title=\"WhatsApp Image 2021-05-14 at 10.11.02\" data-image-description=\"\" data-image-caption=\"\" data-large-file=\"https:\/\/eldiariodesanpedro.com.ar\/sitio\/wp-content\/uploads\/2021\/05\/WhatsApp-Image-2021-05-14-at-10.11.02.jpeg\" data-src=\"https:\/\/eldiariodesanpedro.com.ar\/sitio\/wp-content\/uploads\/2021\/05\/WhatsApp-Image-2021-05-14-at-10.11.02.jpeg\" alt=\"\" class=\"wp-image-92539 lazyload\" data-srcset=\"https:\/\/eldiariodesanpedro.com.ar\/sitio\/wp-content\/uploads\/2021\/05\/WhatsApp-Image-2021-05-14-at-10.11.02.jpeg 622w, https:\/\/eldiariodesanpedro.com.ar\/sitio\/wp-content\/uploads\/2021\/05\/WhatsApp-Image-2021-05-14-at-10.11.02-227x300.jpeg 227w\" data-sizes=\"(max-width: 622px) 100vw, 622px\" src=\"data:image\/svg+xml;base64,PHN2ZyB3aWR0aD0iMSIgaGVpZ2h0PSIxIiB4bWxucz0iaHR0cDovL3d3dy53My5vcmcvMjAwMC9zdmciPjwvc3ZnPg==\" style=\"--smush-placeholder-width: 622px; --smush-placeholder-aspect-ratio: 622\/823;\" \/><\/figure>\n\n\n\n<figure class=\"wp-block-image size-large\"><img decoding=\"async\" width=\"1024\" height=\"768\" data-attachment-id=\"92538\" data-permalink=\"https:\/\/eldiariodesanpedro.com.ar\/sitio\/el-joven-que-realizo-la-persecucion-en-una-ram-fue-liberado\/whatsapp-image-2021-05-14-at-10-10-19\/\" data-orig-file=\"https:\/\/eldiariodesanpedro.com.ar\/sitio\/wp-content\/uploads\/2021\/05\/WhatsApp-Image-2021-05-14-at-10.10.19.jpeg\" data-orig-size=\"1040,780\" data-comments-opened=\"1\" data-image-meta=\"{&quot;aperture&quot;:&quot;0&quot;,&quot;credit&quot;:&quot;&quot;,&quot;camera&quot;:&quot;&quot;,&quot;caption&quot;:&quot;&quot;,&quot;created_timestamp&quot;:&quot;0&quot;,&quot;copyright&quot;:&quot;&quot;,&quot;focal_length&quot;:&quot;0&quot;,&quot;iso&quot;:&quot;0&quot;,&quot;shutter_speed&quot;:&quot;0&quot;,&quot;title&quot;:&quot;&quot;,&quot;orientation&quot;:&quot;0&quot;}\" data-image-title=\"WhatsApp Image 2021-05-14 at 10.10.19\" data-image-description=\"\" data-image-caption=\"\" data-large-file=\"https:\/\/eldiariodesanpedro.com.ar\/sitio\/wp-content\/uploads\/2021\/05\/WhatsApp-Image-2021-05-14-at-10.10.19-1024x768.jpeg\" data-src=\"https:\/\/eldiariodesanpedro.com.ar\/sitio\/wp-content\/uploads\/2021\/05\/WhatsApp-Image-2021-05-14-at-10.10.19-1024x768.jpeg\" alt=\"\" class=\"wp-image-92538 lazyload\" data-srcset=\"https:\/\/eldiariodesanpedro.com.ar\/sitio\/wp-content\/uploads\/2021\/05\/WhatsApp-Image-2021-05-14-at-10.10.19-1024x768.jpeg 1024w, https:\/\/eldiariodesanpedro.com.ar\/sitio\/wp-content\/uploads\/2021\/05\/WhatsApp-Image-2021-05-14-at-10.10.19-300x225.jpeg 300w, https:\/\/eldiariodesanpedro.com.ar\/sitio\/wp-content\/uploads\/2021\/05\/WhatsApp-Image-2021-05-14-at-10.10.19-768x576.jpeg 768w, https:\/\/eldiariodesanpedro.com.ar\/sitio\/wp-content\/uploads\/2021\/05\/WhatsApp-Image-2021-05-14-at-10.10.19-500x375.jpeg 500w, https:\/\/eldiariodesanpedro.com.ar\/sitio\/wp-content\/uploads\/2021\/05\/WhatsApp-Image-2021-05-14-at-10.10.19.jpeg 1040w\" data-sizes=\"(max-width: 1024px) 100vw, 1024px\" src=\"data:image\/svg+xml;base64,PHN2ZyB3aWR0aD0iMSIgaGVpZ2h0PSIxIiB4bWxucz0iaHR0cDovL3d3dy53My5vcmcvMjAwMC9zdmciPjwvc3ZnPg==\" style=\"--smush-placeholder-width: 1024px; --smush-placeholder-aspect-ratio: 1024\/768;\" \/><\/figure>\n","protected":false},"excerpt":{"rendered":"<p>En la tarde de ayer el personal destacamento de R\u00edo Tala, alertados intent\u00f3 interceptar una camioneta marca Dodge Ram, que realizaba maniobras peligrosas, y se desplazaba por ruta 1001 hacia ruta 9.&nbsp; Dicho intento de interceptaci\u00f3n fue in\u00fatil ya que el conductor del veh\u00edculo lejos de acatar las \u00f3rdenes de detenerse, sigui\u00f3 raudamente a alta [&hellip;]<\/p>\n","protected":false},"author":4,"featured_media":92537,"comment_status":"open","ping_status":"closed","sticky":false,"template":"","format":"standard","meta":{"om_disable_all_campaigns":false,"_jetpack_memberships_contains_paid_content":false,"footnotes":""},"categories":[2,103],"tags":[],"class_list":["post-92536","post","type-post","status-publish","format-standard","has-post-thumbnail","hentry","category-locales","category-policiales-locales"],"aioseo_notices":[],"gutentor_comment":0,"jetpack_featured_media_url":"https:\/\/eldiariodesanpedro.com.ar\/sitio\/wp-content\/uploads\/2021\/05\/RAM.jpg","jetpack_shortlink":"https:\/\/wp.me\/p6RhLt-o4w","jetpack_sharing_enabled":true,"_links":{"self":[{"href":"https:\/\/eldiariodesanpedro.com.ar\/sitio\/wp-json\/wp\/v2\/posts\/92536","targetHints":{"allow":["GET"]}}],"collection":[{"href":"https:\/\/eldiariodesanpedro.com.ar\/sitio\/wp-json\/wp\/v2\/posts"}],"about":[{"href":"https:\/\/eldiariodesanpedro.com.ar\/sitio\/wp-json\/wp\/v2\/types\/post"}],"author":[{"embeddable":true,"href":"https:\/\/eldiariodesanpedro.com.ar\/sitio\/wp-json\/wp\/v2\/users\/4"}],"replies":[{"embeddable":true,"href":"https:\/\/eldiariodesanpedro.com.ar\/sitio\/wp-json\/wp\/v2\/comments?post=92536"}],"version-history":[{"count":2,"href":"https:\/\/eldiariodesanpedro.com.ar\/sitio\/wp-json\/wp\/v2\/posts\/92536\/revisions"}],"predecessor-version":[{"id":92542,"href":"https:\/\/eldiariodesanpedro.com.ar\/sitio\/wp-json\/wp\/v2\/posts\/92536\/revisions\/92542"}],"wp:featuredmedia":[{"embeddable":true,"href":"https:\/\/eldiariodesanpedro.com.ar\/sitio\/wp-json\/wp\/v2\/media\/92537"}],"wp:attachment":[{"href":"https:\/\/eldiariodesanpedro.com.ar\/sitio\/wp-json\/wp\/v2\/media?parent=92536"}],"wp:term":[{"taxonomy":"category","embeddable":true,"href":"https:\/\/eldiariodesanpedro.com.ar\/sitio\/wp-json\/wp\/v2\/categories?post=92536"},{"taxonomy":"post_tag","embeddable":true,"href":"https:\/\/eldiariodesanpedro.com.ar\/sitio\/wp-json\/wp\/v2\/tags?post=92536"}],"curies":[{"name":"wp","href":"https:\/\/api.w.org\/{rel}","templated":true}]}}