{"id":92321,"date":"2021-05-11T09:55:46","date_gmt":"2021-05-11T12:55:46","guid":{"rendered":"https:\/\/eldiariodesanpedro.com.ar\/sitio\/?p=92321"},"modified":"2021-05-11T09:55:51","modified_gmt":"2021-05-11T12:55:51","slug":"cronograma-de-anses-para-hoy-martes-5","status":"publish","type":"post","link":"https:\/\/eldiariodesanpedro.com.ar\/sitio\/cronograma-de-anses-para-hoy-martes-5\/","title":{"rendered":"Cronograma de Anses para hoy martes"},"content":{"rendered":"<!-- VideographyWP Plugin Message: Automatic video embedding prevented by plugin options. -->\n\n<p><strong>El organismo, a cargo de la Lic. Fernanda Raverta, informa que hoy se abonan jubilaciones, pensiones, Asignaci\u00f3n Universal por Hijo, Asignaci\u00f3n por Embarazo, Asignaciones Familiares y los programas Progresar, Hogar y Alimentario PAMI.<\/strong><\/p>\n\n\n\n<p><strong>Jubilaciones\u00a0y\u00a0pensiones\u00a0del Sistema Integrado Previsional Argentino<\/strong><br>Las sucursales bancarias habilitadas atender\u00e1n por ventanilla a jubilados, jubiladas, pensionados y pensionadas con documentos terminados en\u00a0<strong>1\u00a0<\/strong>cuyos<strong>\u00a0haberes NO SUPEREN la suma de 23.120 pesos<\/strong>.<br>En este sentido, si bien estas personas no tienen que solicitar turno previo para cobrar el beneficio,\u00a0deben acercarse a la sucursal bancaria \u00fanicamente en la fecha asignada. Cabe recordar que los haberes permanecer\u00e1n depositados en sus cuentas.<\/p>\n\n\n\n<p><strong>Asignaci\u00f3n Universal por Hijo y Asignaci\u00f3n Familiar por Hijo<\/strong><br>Con la utilizaci\u00f3n de la tarjeta de d\u00e9bito, hoy perciben la Asignaci\u00f3n Universal por Hijo y la Asignaci\u00f3n Familiar por Hijo titulares con documentos concluidos en\u00a0<strong>1<\/strong>.<\/p>\n\n\n\n<p><strong>Asignaci\u00f3n por Embarazo<\/strong><br>Con la utilizaci\u00f3n de la tarjeta de d\u00e9bito, hoy cobran la Asignaci\u00f3n por Embarazo las titulares con documentos finalizados en\u00a0<strong>1<\/strong>.<\/p>\n\n\n\n<p><strong>Asignaciones por\u00a0Prenatal\u00a0y por Maternidad<\/strong><br>Las titulares de la Asignaci\u00f3n por\u00a0Prenatal\u00a0y Asignaci\u00f3n por Maternidad con documentos terminados en\u00a0<strong>0\u00a0<\/strong>y<strong>\u00a01<\/strong>\u00a0perciben hoy su prestaci\u00f3n.<\/p>\n\n\n\n<p><strong>Progresar<\/strong><br>Con Progresar, la ANSES y el Ministerio de Educaci\u00f3n garantizan el derecho de terminar los estudios a j\u00f3venes del pa\u00eds. Hoy cobran titulares con documentos concluidos en\u00a0<strong>2\u00a0<\/strong>y\u00a0<strong>3<\/strong>.<\/p>\n\n\n\n<p><strong>Programa Hogar<\/strong><br>La ANSES y la Secretar\u00eda de Energ\u00eda impulsan en conjunto el Programa Hogar, mediante el cual se otorga un subsidio para la compra de garrafas en viviendas que no est\u00e1n conectadas a la red de gas natural. Hoy cobran este beneficio las personas con documentos finalizados en\u00a0<strong>1<\/strong>.<\/p>\n\n\n\n<p><strong>Programa Alimentario PAMI<\/strong><br>En el marco del Programa Alimentario PAMI, la ANSES abona hoy el pago extraordinario equivalente al monto del bols\u00f3n de alimentos para\u00a0jubilados, jubiladas, pensionados y pensionadas con documentos finalizados en\u00a0<strong>1\u00a0<\/strong>cuyos<strong>\u00a0haberes NO SUPEREN la suma de 23.120 pesos<\/strong>. Para m\u00e1s informaci\u00f3n se puede ingresar a\u00a0<a rel=\"noreferrer noopener\" href=\"http:\/\/www.pami.org.ar\/programa-alimentario\" target=\"_blank\">www.pami.org.ar\/programa-alimentario<\/a>.<\/p>\n\n\n\n<p><strong><a rel=\"noreferrer noopener\" href=\"http:\/\/www.anses.gob.ar\/\" target=\"_blank\">www.anses.gob.ar<\/a><\/strong><\/p>\n","protected":false},"excerpt":{"rendered":"<p>El organismo, a cargo de la Lic. Fernanda Raverta, informa que hoy se abonan jubilaciones, pensiones, Asignaci\u00f3n Universal por Hijo, Asignaci\u00f3n por Embarazo, Asignaciones Familiares y los programas Progresar, Hogar y Alimentario PAMI. Jubilaciones\u00a0y\u00a0pensiones\u00a0del Sistema Integrado Previsional ArgentinoLas sucursales bancarias habilitadas atender\u00e1n por ventanilla a jubilados, jubiladas, pensionados y pensionadas con documentos terminados en\u00a01\u00a0cuyos\u00a0haberes NO [&hellip;]<\/p>\n","protected":false},"author":4,"featured_media":71308,"comment_status":"open","ping_status":"closed","sticky":false,"template":"","format":"standard","meta":{"om_disable_all_campaigns":false,"_jetpack_memberships_contains_paid_content":false,"footnotes":""},"categories":[101,2],"tags":[],"class_list":["post-92321","post","type-post","status-publish","format-standard","has-post-thumbnail","hentry","category-interes-general-locales","category-locales"],"aioseo_notices":[],"gutentor_comment":0,"jetpack_featured_media_url":"https:\/\/eldiariodesanpedro.com.ar\/sitio\/wp-content\/uploads\/2020\/04\/anses-4.jpg","jetpack_shortlink":"https:\/\/wp.me\/p6RhLt-o13","jetpack_sharing_enabled":true,"_links":{"self":[{"href":"https:\/\/eldiariodesanpedro.com.ar\/sitio\/wp-json\/wp\/v2\/posts\/92321","targetHints":{"allow":["GET"]}}],"collection":[{"href":"https:\/\/eldiariodesanpedro.com.ar\/sitio\/wp-json\/wp\/v2\/posts"}],"about":[{"href":"https:\/\/eldiariodesanpedro.com.ar\/sitio\/wp-json\/wp\/v2\/types\/post"}],"author":[{"embeddable":true,"href":"https:\/\/eldiariodesanpedro.com.ar\/sitio\/wp-json\/wp\/v2\/users\/4"}],"replies":[{"embeddable":true,"href":"https:\/\/eldiariodesanpedro.com.ar\/sitio\/wp-json\/wp\/v2\/comments?post=92321"}],"version-history":[{"count":1,"href":"https:\/\/eldiariodesanpedro.com.ar\/sitio\/wp-json\/wp\/v2\/posts\/92321\/revisions"}],"predecessor-version":[{"id":92322,"href":"https:\/\/eldiariodesanpedro.com.ar\/sitio\/wp-json\/wp\/v2\/posts\/92321\/revisions\/92322"}],"wp:featuredmedia":[{"embeddable":true,"href":"https:\/\/eldiariodesanpedro.com.ar\/sitio\/wp-json\/wp\/v2\/media\/71308"}],"wp:attachment":[{"href":"https:\/\/eldiariodesanpedro.com.ar\/sitio\/wp-json\/wp\/v2\/media?parent=92321"}],"wp:term":[{"taxonomy":"category","embeddable":true,"href":"https:\/\/eldiariodesanpedro.com.ar\/sitio\/wp-json\/wp\/v2\/categories?post=92321"},{"taxonomy":"post_tag","embeddable":true,"href":"https:\/\/eldiariodesanpedro.com.ar\/sitio\/wp-json\/wp\/v2\/tags?post=92321"}],"curies":[{"name":"wp","href":"https:\/\/api.w.org\/{rel}","templated":true}]}}