{"id":92306,"date":"2021-05-10T20:15:46","date_gmt":"2021-05-10T23:15:46","guid":{"rendered":"https:\/\/eldiariodesanpedro.com.ar\/sitio\/?p=92306"},"modified":"2021-05-10T20:15:54","modified_gmt":"2021-05-10T23:15:54","slug":"manana-llegan-nuevas-dosis-de-vacunas-a-san-pedro","status":"publish","type":"post","link":"https:\/\/eldiariodesanpedro.com.ar\/sitio\/manana-llegan-nuevas-dosis-de-vacunas-a-san-pedro\/","title":{"rendered":"Ma\u00f1ana llegan nuevas dosis de vacunas  a San Pedro"},"content":{"rendered":"<!-- VideographyWP Plugin Message: Automatic video embedding prevented by plugin options. -->\n\n<p>La Municipalidad de San Pedro informa que desde el Ministerio de Seguridad de la Provincia de Buenos Aires se ha solicitado a la Jefatura Comunal de San Pedro, a la trav\u00e9s de una orden de servicio de pr\u00e1ctica, la presencia de personal policial para acompa\u00f1ar este martes 11 de mayo a un transporte que trasladar\u00e1 a nuestra ciudad un nuevo lote de vacunas para la continuidad del plan de vacunaci\u00f3n de Covid-19 asignado a nuestro distrito.<\/p>\n\n\n\n<p>El m\u00f3vil policial acompa\u00f1ar\u00e1 el transporte que realizar\u00e1 la entrega en la posta sanitaria que funciona en el Club de Jubilados.<\/p>\n\n\n\n<p>No se han especificado hasta el momento mayores detalles sobre la cantidad de dosis ni el tipo de vacuna y estos datos ser\u00e1n comunicados en el d\u00eda de ma\u00f1ana.<\/p>\n\n\n\n<p>Se recuerda que la inscripci\u00f3n es IMPRESCINDIBLE para poder ser incluido en el diagrama del Ministerio de Salud y que se puede realizar a trav\u00e9s del sitio web <a href=\"https:\/\/vacunatepba.gba.gob.ar\/\">https:\/\/vacunatepba.gba.gob.ar\/<\/a> o solicitando asistencia en el Punto de Informaci\u00f3n y Vacunaci\u00f3n en el Club de Jubilados (Salta y 9 de Julio) de lunes a domingos de 8 a 20.<\/p>\n","protected":false},"excerpt":{"rendered":"<p>La Municipalidad de San Pedro informa que desde el Ministerio de Seguridad de la Provincia de Buenos Aires se ha solicitado a la Jefatura Comunal de San Pedro, a la trav\u00e9s de una orden de servicio de pr\u00e1ctica, la presencia de personal policial para acompa\u00f1ar este martes 11 de mayo a un transporte que trasladar\u00e1 [&hellip;]<\/p>\n","protected":false},"author":4,"featured_media":92307,"comment_status":"open","ping_status":"closed","sticky":false,"template":"","format":"standard","meta":{"om_disable_all_campaigns":false,"_jetpack_memberships_contains_paid_content":false,"footnotes":""},"categories":[50,101,2],"tags":[],"class_list":["post-92306","post","type-post","status-publish","format-standard","has-post-thumbnail","hentry","category-destacadas","category-interes-general-locales","category-locales"],"aioseo_notices":[],"gutentor_comment":0,"jetpack_featured_media_url":"https:\/\/eldiariodesanpedro.com.ar\/sitio\/wp-content\/uploads\/2021\/05\/a2911536-15af-4453-98c3-5c9cdd01a3b5_alta-libre-aspect-ratio_default_0.jpg","jetpack_shortlink":"https:\/\/wp.me\/p6RhLt-o0O","jetpack_sharing_enabled":true,"_links":{"self":[{"href":"https:\/\/eldiariodesanpedro.com.ar\/sitio\/wp-json\/wp\/v2\/posts\/92306","targetHints":{"allow":["GET"]}}],"collection":[{"href":"https:\/\/eldiariodesanpedro.com.ar\/sitio\/wp-json\/wp\/v2\/posts"}],"about":[{"href":"https:\/\/eldiariodesanpedro.com.ar\/sitio\/wp-json\/wp\/v2\/types\/post"}],"author":[{"embeddable":true,"href":"https:\/\/eldiariodesanpedro.com.ar\/sitio\/wp-json\/wp\/v2\/users\/4"}],"replies":[{"embeddable":true,"href":"https:\/\/eldiariodesanpedro.com.ar\/sitio\/wp-json\/wp\/v2\/comments?post=92306"}],"version-history":[{"count":1,"href":"https:\/\/eldiariodesanpedro.com.ar\/sitio\/wp-json\/wp\/v2\/posts\/92306\/revisions"}],"predecessor-version":[{"id":92308,"href":"https:\/\/eldiariodesanpedro.com.ar\/sitio\/wp-json\/wp\/v2\/posts\/92306\/revisions\/92308"}],"wp:featuredmedia":[{"embeddable":true,"href":"https:\/\/eldiariodesanpedro.com.ar\/sitio\/wp-json\/wp\/v2\/media\/92307"}],"wp:attachment":[{"href":"https:\/\/eldiariodesanpedro.com.ar\/sitio\/wp-json\/wp\/v2\/media?parent=92306"}],"wp:term":[{"taxonomy":"category","embeddable":true,"href":"https:\/\/eldiariodesanpedro.com.ar\/sitio\/wp-json\/wp\/v2\/categories?post=92306"},{"taxonomy":"post_tag","embeddable":true,"href":"https:\/\/eldiariodesanpedro.com.ar\/sitio\/wp-json\/wp\/v2\/tags?post=92306"}],"curies":[{"name":"wp","href":"https:\/\/api.w.org\/{rel}","templated":true}]}}