{"id":92301,"date":"2021-05-10T19:24:54","date_gmt":"2021-05-10T22:24:54","guid":{"rendered":"https:\/\/eldiariodesanpedro.com.ar\/sitio\/?p=92301"},"modified":"2021-05-10T19:24:59","modified_gmt":"2021-05-10T22:24:59","slug":"jubilados-el-aumento-trimestral-sera-del-1212-por-ciento","status":"publish","type":"post","link":"https:\/\/eldiariodesanpedro.com.ar\/sitio\/jubilados-el-aumento-trimestral-sera-del-1212-por-ciento\/","title":{"rendered":"Jubilados: el aumento trimestral ser\u00e1 del 12,12 por ciento"},"content":{"rendered":"<!-- VideographyWP Plugin Message: Automatic video embedding prevented by plugin options. -->\n\n<p>El Gobierno Nacional, a trav\u00e9s de la directora ejecutiva de la ANSES, Fernanda Raverta, anunci\u00f3 hoy que el aumento trimestral para las jubilaciones, pensiones y asignaciones ser\u00e1 del 12,12 por ciento.<\/p>\n\n\n\n<p>Este es el segundo aumento otorgado mediante la Ley de Movilidad N\u00b0 27.609 impulsada por el Presidente de la Naci\u00f3n, Alberto Fern\u00e1ndez. Ley que otorga una f\u00f3rmula que le gana a la inflaci\u00f3n de la mano de los aumentos salariales y del incremento de la recaudaci\u00f3n en t\u00e9rminos interanuales.<\/p>\n\n\n\n<p>Raverta dijo que \u201cesta f\u00f3rmula comienza a dar sus frutos. El aumento de 12,12 por ciento permitir\u00e1 que en el segundo trimestre del 2021 la totalidad de las prestaciones se vean incrementadas por encima de la inflaci\u00f3n del per\u00edodo\u201d.<\/p>\n\n\n\n<p>Tanto el aumento del primer trimestre del 8,07 por ciento como el actual del 12,12 por ciento se encuentran por encima de los aumentos que hubiese otorgado la reemplazada ley del gobierno anterior (7,18 por ciento y 10,33 por ciento, respectivamente). Lo que comprueba que un modelo de pa\u00eds que apuesta al trabajo, al consumo y a la producci\u00f3n mediante un formula que pondera salarios y distribuci\u00f3n otorga aumentos por encima de aquella ley del gobierno anterior que contemplaba principalmente la inflaci\u00f3n.<\/p>\n\n\n\n<p>Este incremento se otorgar\u00e1 a 8,3 millones de jubilaciones y pensiones, a 9,3 millones de ni\u00f1os, ni\u00f1as y adolescentes y a m\u00e1s de 800 mil conyugues que perciben asignaciones. Asimismo, este aumento tambi\u00e9n impacta en otras Asignaciones Familiares, como la de embarazo, prenatal, nacimiento, adopci\u00f3n y matrimonio.<\/p>\n\n\n\n<p>Con este incremento, el haber jubilatorio m\u00ednimo a partir de junio ascender\u00e1 a 23.064,70 pesos (al asumir el Gobierno era de 14.067,93 pesos). Por su parte, el haber m\u00e1ximo aumentar\u00e1 a 155.203,65 pesos (al asumir el Gobierno era de 103.064,23 pesos). Y la Asignaci\u00f3n por Hijo y la Asignaci\u00f3n por Embarazo aumentar\u00e1n a 4504 pesos (al asumir el Gobierno eran de 2746 pesos).<\/p>\n\n\n\n<p><\/p>\n","protected":false},"excerpt":{"rendered":"<p>El Gobierno Nacional, a trav\u00e9s de la directora ejecutiva de la ANSES, Fernanda Raverta, anunci\u00f3 hoy que el aumento trimestral para las jubilaciones, pensiones y asignaciones ser\u00e1 del 12,12 por ciento. Este es el segundo aumento otorgado mediante la Ley de Movilidad N\u00b0 27.609 impulsada por el Presidente de la Naci\u00f3n, Alberto Fern\u00e1ndez. Ley que [&hellip;]<\/p>\n","protected":false},"author":4,"featured_media":92302,"comment_status":"open","ping_status":"closed","sticky":false,"template":"","format":"standard","meta":{"om_disable_all_campaigns":false,"_jetpack_memberships_contains_paid_content":false,"footnotes":""},"categories":[621],"tags":[],"class_list":["post-92301","post","type-post","status-publish","format-standard","has-post-thumbnail","hentry","category-regionales"],"aioseo_notices":[],"gutentor_comment":0,"jetpack_featured_media_url":"https:\/\/eldiariodesanpedro.com.ar\/sitio\/wp-content\/uploads\/2021\/05\/jubilados.jpg","jetpack_shortlink":"https:\/\/wp.me\/p6RhLt-o0J","jetpack_sharing_enabled":true,"_links":{"self":[{"href":"https:\/\/eldiariodesanpedro.com.ar\/sitio\/wp-json\/wp\/v2\/posts\/92301","targetHints":{"allow":["GET"]}}],"collection":[{"href":"https:\/\/eldiariodesanpedro.com.ar\/sitio\/wp-json\/wp\/v2\/posts"}],"about":[{"href":"https:\/\/eldiariodesanpedro.com.ar\/sitio\/wp-json\/wp\/v2\/types\/post"}],"author":[{"embeddable":true,"href":"https:\/\/eldiariodesanpedro.com.ar\/sitio\/wp-json\/wp\/v2\/users\/4"}],"replies":[{"embeddable":true,"href":"https:\/\/eldiariodesanpedro.com.ar\/sitio\/wp-json\/wp\/v2\/comments?post=92301"}],"version-history":[{"count":1,"href":"https:\/\/eldiariodesanpedro.com.ar\/sitio\/wp-json\/wp\/v2\/posts\/92301\/revisions"}],"predecessor-version":[{"id":92303,"href":"https:\/\/eldiariodesanpedro.com.ar\/sitio\/wp-json\/wp\/v2\/posts\/92301\/revisions\/92303"}],"wp:featuredmedia":[{"embeddable":true,"href":"https:\/\/eldiariodesanpedro.com.ar\/sitio\/wp-json\/wp\/v2\/media\/92302"}],"wp:attachment":[{"href":"https:\/\/eldiariodesanpedro.com.ar\/sitio\/wp-json\/wp\/v2\/media?parent=92301"}],"wp:term":[{"taxonomy":"category","embeddable":true,"href":"https:\/\/eldiariodesanpedro.com.ar\/sitio\/wp-json\/wp\/v2\/categories?post=92301"},{"taxonomy":"post_tag","embeddable":true,"href":"https:\/\/eldiariodesanpedro.com.ar\/sitio\/wp-json\/wp\/v2\/tags?post=92301"}],"curies":[{"name":"wp","href":"https:\/\/api.w.org\/{rel}","templated":true}]}}