{"id":92295,"date":"2021-05-10T19:11:47","date_gmt":"2021-05-10T22:11:47","guid":{"rendered":"https:\/\/eldiariodesanpedro.com.ar\/sitio\/?p=92295"},"modified":"2021-05-10T19:11:53","modified_gmt":"2021-05-10T22:11:53","slug":"campana-se-fugaron-dos-reclusos-de-un-regimen-de-vivienda-extramuros","status":"publish","type":"post","link":"https:\/\/eldiariodesanpedro.com.ar\/sitio\/campana-se-fugaron-dos-reclusos-de-un-regimen-de-vivienda-extramuros\/","title":{"rendered":"CAMPANA | Se fugaron dos reclusos de un r\u00e9gimen de vivienda \u201cextramuros\u201d"},"content":{"rendered":"<!-- VideographyWP Plugin Message: Automatic video embedding prevented by plugin options. -->\n\n<p>Tienen 24 y 36 a\u00f1os, y se alojaban en una de las 8 viviendas del programa \u201cCasas por C\u00e1rceles\u201d, que funciona en el complejo penitenciario local. Personal del Comando Patrulla y del Servicio carcelario lograron recapturarlos en un campo lindero.<\/p>\n\n\n\n<p>Villagra Allende y Riarte L\u00f3pez, de 24 y 36 a\u00f1os, dejaron pasar una excelente oportunidad de rehabilitaci\u00f3n al intentar fugarse del predio donde funciona el programa \u201cCasas por C\u00e1rceles\u201d, y que en el complejo penitenciario local consta de unas 8 viviendas habitadas por reclusos que gozan del beneficio de salidas transitorias.<\/p>\n\n\n\n<p>Esta tarde, el personal dio cuenta de su ausencia, y r\u00e1pidamente inici\u00f3 un rastrillaje del que tambi\u00e9n participaron m\u00f3viles del Comando Patrulla. Ambos presos fueron interceptados y recapturados en un campo lindero al complejo, y fueron trasladados a la Unidad 41.<\/p>\n\n\n\n<p>El programa \u201cCasas por C\u00e1rceles\u201d funciona en varios penales de la Provincia, en donde se ubican entre 6 y 12 viviendas extramuros, pero ubicadas siempre dentro del ejido de los distintos establecimientos penales.<\/p>\n\n\n\n<p>Los detenidos que acceden al programa se encuentran bajo la modalidad de r\u00e9gimen abierto, y entre otros requisitos, deben restarles dos a\u00f1os para cumplir la condena. La idea es que quienes habiten dichas viviendas, desarrollen su responsabilidad e incorporen pautas de convivencia, bas\u00e1ndose en la autogesti\u00f3n, de un modo similar al que es deseable que utilicen al momento de su egreso de la instituci\u00f3n penitenciaria.<\/p>\n\n\n\n<p>Fuente: <a href=\"https:\/\/www.campananoticias.com\/noticia\/67374\/se-fugaron-dos-reclusos-de-un-rgimen-de-vivienda-extramuros-\">Campana Noticias<\/a><\/p>\n","protected":false},"excerpt":{"rendered":"<p>Tienen 24 y 36 a\u00f1os, y se alojaban en una de las 8 viviendas del programa \u201cCasas por C\u00e1rceles\u201d, que funciona en el complejo penitenciario local. Personal del Comando Patrulla y del Servicio carcelario lograron recapturarlos en un campo lindero. Villagra Allende y Riarte L\u00f3pez, de 24 y 36 a\u00f1os, dejaron pasar una excelente oportunidad [&hellip;]<\/p>\n","protected":false},"author":4,"featured_media":92296,"comment_status":"open","ping_status":"closed","sticky":false,"template":"","format":"standard","meta":{"om_disable_all_campaigns":false,"_jetpack_memberships_contains_paid_content":false,"footnotes":""},"categories":[621],"tags":[],"class_list":["post-92295","post","type-post","status-publish","format-standard","has-post-thumbnail","hentry","category-regionales"],"aioseo_notices":[],"gutentor_comment":0,"jetpack_featured_media_url":"https:\/\/eldiariodesanpedro.com.ar\/sitio\/wp-content\/uploads\/2021\/05\/20210510054546.jpeg","jetpack_shortlink":"https:\/\/wp.me\/p6RhLt-o0D","jetpack_sharing_enabled":true,"_links":{"self":[{"href":"https:\/\/eldiariodesanpedro.com.ar\/sitio\/wp-json\/wp\/v2\/posts\/92295","targetHints":{"allow":["GET"]}}],"collection":[{"href":"https:\/\/eldiariodesanpedro.com.ar\/sitio\/wp-json\/wp\/v2\/posts"}],"about":[{"href":"https:\/\/eldiariodesanpedro.com.ar\/sitio\/wp-json\/wp\/v2\/types\/post"}],"author":[{"embeddable":true,"href":"https:\/\/eldiariodesanpedro.com.ar\/sitio\/wp-json\/wp\/v2\/users\/4"}],"replies":[{"embeddable":true,"href":"https:\/\/eldiariodesanpedro.com.ar\/sitio\/wp-json\/wp\/v2\/comments?post=92295"}],"version-history":[{"count":1,"href":"https:\/\/eldiariodesanpedro.com.ar\/sitio\/wp-json\/wp\/v2\/posts\/92295\/revisions"}],"predecessor-version":[{"id":92297,"href":"https:\/\/eldiariodesanpedro.com.ar\/sitio\/wp-json\/wp\/v2\/posts\/92295\/revisions\/92297"}],"wp:featuredmedia":[{"embeddable":true,"href":"https:\/\/eldiariodesanpedro.com.ar\/sitio\/wp-json\/wp\/v2\/media\/92296"}],"wp:attachment":[{"href":"https:\/\/eldiariodesanpedro.com.ar\/sitio\/wp-json\/wp\/v2\/media?parent=92295"}],"wp:term":[{"taxonomy":"category","embeddable":true,"href":"https:\/\/eldiariodesanpedro.com.ar\/sitio\/wp-json\/wp\/v2\/categories?post=92295"},{"taxonomy":"post_tag","embeddable":true,"href":"https:\/\/eldiariodesanpedro.com.ar\/sitio\/wp-json\/wp\/v2\/tags?post=92295"}],"curies":[{"name":"wp","href":"https:\/\/api.w.org\/{rel}","templated":true}]}}