{"id":92274,"date":"2021-05-10T17:51:57","date_gmt":"2021-05-10T20:51:57","guid":{"rendered":"https:\/\/eldiariodesanpedro.com.ar\/sitio\/?p=92274"},"modified":"2021-05-10T17:52:01","modified_gmt":"2021-05-10T20:52:01","slug":"coronavirus-se-recibieron-2-positivos-y-11-negativos-los-activos-bajan-a-193","status":"publish","type":"post","link":"https:\/\/eldiariodesanpedro.com.ar\/sitio\/coronavirus-se-recibieron-2-positivos-y-11-negativos-los-activos-bajan-a-193\/","title":{"rendered":"Coronavirus: Se recibieron 2 positivos y 11 negativos, los activos bajan a 193"},"content":{"rendered":"<!-- VideographyWP Plugin Message: Automatic video embedding prevented by plugin options. -->\n\n<p>La Secretar\u00eda de Salud de la Municipalidad de San Pedro brinda el informe que acompa\u00f1a la placa del d\u00eda de la fecha, en el seguimiento de la Pandemia de Covid-19.<\/p>\n\n\n\n<p>Se confirmaron 2 nuevos casos positivos, a trav\u00e9s de los testeos r\u00e1pidos que se realizan en el Laboratorio del Hospital, pertenecientes a una mujer de 86 a\u00f1os y un hombre de 68 a\u00f1os.<\/p>\n\n\n\n<p>Desde el Laboratorio del Hospital, se informaron 10 testeos r\u00e1pidos negativos y 1 resultado negativo recibido desde el Laboratorio Central Lab, que totalizan 11 resultados negativos.<\/p>\n\n\n\n<ul class=\"wp-block-list\"><li>Se incorporan a la estad\u00edstica oficial 24 altas.<\/li><li>Se inform\u00f3 el fallecimiento del Sr. Marino Bornia, de 71 a\u00f1os de edad, internado con COVID 19 positivo, en la ciudad de Rosario.<\/li><\/ul>\n\n\n\n<p>Resumen actualizado de informaci\u00f3n oficial<br>Positivos desde el inicio de la Pandemia: 3269<br>Activos: 193<br>Recuperados: 2963<br>Fallecidos: 113<br>Negativos desde el inicio de la Pandemia: 5130<br>Los datos consignados en este informe corresponden a casos analizados a trav\u00e9s hisopados realizados en los \u00abconsultorios amarillos\u00bb analizados por el Laboratorio Central Lab y testeos r\u00e1pidos efectuados en el Laboratorio del Hospital.<\/p>\n\n\n\n<p>&#x1f449; Usar tapabocas.<br>&#x1f449; Mantener la distancia m\u00ednima de 2 metros.<br>&#x1f449; Extremar la higiene de los espacios.<br>&#x1f449; Mantener las manos limpias.<\/p>\n\n\n\n<p>Se recuerda que, ante s\u00edntomas de tos seca, fiebre y dolor de garganta se puede llamar al 148 o 107<\/p>\n","protected":false},"excerpt":{"rendered":"<p>La Secretar\u00eda de Salud de la Municipalidad de San Pedro brinda el informe que acompa\u00f1a la placa del d\u00eda de la fecha, en el seguimiento de la Pandemia de Covid-19. Se confirmaron 2 nuevos casos positivos, a trav\u00e9s de los testeos r\u00e1pidos que se realizan en el Laboratorio del Hospital, pertenecientes a una mujer de [&hellip;]<\/p>\n","protected":false},"author":4,"featured_media":79200,"comment_status":"open","ping_status":"closed","sticky":false,"template":"","format":"standard","meta":{"om_disable_all_campaigns":false,"_jetpack_memberships_contains_paid_content":false,"footnotes":""},"categories":[50,101,2],"tags":[],"class_list":["post-92274","post","type-post","status-publish","format-standard","has-post-thumbnail","hentry","category-destacadas","category-interes-general-locales","category-locales"],"aioseo_notices":[],"gutentor_comment":0,"jetpack_featured_media_url":"https:\/\/eldiariodesanpedro.com.ar\/sitio\/wp-content\/uploads\/2020\/08\/FTRRV773PNB3RI4W5LP3O7ZVUI.jpg","jetpack_shortlink":"https:\/\/wp.me\/p6RhLt-o0i","jetpack_sharing_enabled":true,"_links":{"self":[{"href":"https:\/\/eldiariodesanpedro.com.ar\/sitio\/wp-json\/wp\/v2\/posts\/92274","targetHints":{"allow":["GET"]}}],"collection":[{"href":"https:\/\/eldiariodesanpedro.com.ar\/sitio\/wp-json\/wp\/v2\/posts"}],"about":[{"href":"https:\/\/eldiariodesanpedro.com.ar\/sitio\/wp-json\/wp\/v2\/types\/post"}],"author":[{"embeddable":true,"href":"https:\/\/eldiariodesanpedro.com.ar\/sitio\/wp-json\/wp\/v2\/users\/4"}],"replies":[{"embeddable":true,"href":"https:\/\/eldiariodesanpedro.com.ar\/sitio\/wp-json\/wp\/v2\/comments?post=92274"}],"version-history":[{"count":1,"href":"https:\/\/eldiariodesanpedro.com.ar\/sitio\/wp-json\/wp\/v2\/posts\/92274\/revisions"}],"predecessor-version":[{"id":92275,"href":"https:\/\/eldiariodesanpedro.com.ar\/sitio\/wp-json\/wp\/v2\/posts\/92274\/revisions\/92275"}],"wp:featuredmedia":[{"embeddable":true,"href":"https:\/\/eldiariodesanpedro.com.ar\/sitio\/wp-json\/wp\/v2\/media\/79200"}],"wp:attachment":[{"href":"https:\/\/eldiariodesanpedro.com.ar\/sitio\/wp-json\/wp\/v2\/media?parent=92274"}],"wp:term":[{"taxonomy":"category","embeddable":true,"href":"https:\/\/eldiariodesanpedro.com.ar\/sitio\/wp-json\/wp\/v2\/categories?post=92274"},{"taxonomy":"post_tag","embeddable":true,"href":"https:\/\/eldiariodesanpedro.com.ar\/sitio\/wp-json\/wp\/v2\/tags?post=92274"}],"curies":[{"name":"wp","href":"https:\/\/api.w.org\/{rel}","templated":true}]}}