{"id":92269,"date":"2021-05-10T17:44:40","date_gmt":"2021-05-10T20:44:40","guid":{"rendered":"https:\/\/eldiariodesanpedro.com.ar\/sitio\/?p=92269"},"modified":"2021-05-10T17:44:45","modified_gmt":"2021-05-10T20:44:45","slug":"adolfo-paganini-el-inta-para-mi-fue-una-vocacion","status":"publish","type":"post","link":"https:\/\/eldiariodesanpedro.com.ar\/sitio\/adolfo-paganini-el-inta-para-mi-fue-una-vocacion\/","title":{"rendered":"Adolfo Paganini: El INTA para m\u00ed fue una vocaci\u00f3n"},"content":{"rendered":"<!-- VideographyWP Plugin Message: Automatic video embedding prevented by plugin options. -->\n\n<p><em>\u201cSus conocimientos t\u00e9cnicos, su aplomo y su experiencia colaboraron a desarrollar en la regi\u00f3n los adelantos t\u00e9cnicos y agron\u00f3micos de la \u00e9poca gracias a su incansable tarea de extensi\u00f3n que result\u00f3 en la significativa mejora de las m\u00e1s diversas producciones\u201d<\/em>, as\u00ed describen algunos medios de comunicaci\u00f3n zarate\u00f1os el trabajo que llev\u00f3 adelante Adolfo Paganini como Jefe de la Agencia de Extensi\u00f3n Rural de Z\u00e1rate desde la d\u00e9cada del 80 hasta la actualidad.<\/p>\n\n\n\n<p>El homenaje que destaca su profesionalismo, predisposici\u00f3n y calidad humana no se hizo esperar el d\u00eda que el ingeniero anunci\u00f3 su jubilaci\u00f3n el 30 de abril en 2021, vislumbrando la celebraci\u00f3n del D\u00eda Internacional del Trabajador. Y seguramente sin la pandemia, el asado y las empanadas tampoco se hubieran hecho esperar para este ingeniero amable que naci\u00f3 en Mercedes un 12 de noviembre de 1953 y se cri\u00f3 rodeado de productores agropecuarios. Su padre, Pedro Paganini, era un t\u00edpico agricultor chacarero, peque\u00f1o productor mixto de la zona rural entre San Andr\u00e9s de Giles y Mercedes, ciudades en las que transcurri\u00f3 su infancia y adolescencia de la mano de su madre Ester Martinelli, hija de inmigrantes italianos que tambi\u00e9n proven\u00edan del sector rural. As\u00ed es que de esa fuerte ligaz\u00f3n al quehacer agropecuario y lo rural, emergi\u00f3 su elecci\u00f3n de estudiar Agronom\u00eda en la universidad.<\/p>\n\n\n\n<p>De aquellas \u00e9pocas felices destaca los valores de la gente de campo, el caballo y la bicicleta como medio para ir a la escuela, y los bailes en una vieja estaci\u00f3n de alg\u00fan Paraje rural.&nbsp;<em>\u201cLa palabra era la palabra y ten\u00eda un valor incalculable. Se viv\u00eda en comunidad y la gente de campo transmit\u00eda tranquilidad\u2026 en mi formaci\u00f3n y conformaci\u00f3n espiritual dio lugar a que hoy sea lo que soy, y de lo que deber\u00eda ser en la vida\u2026 lo m\u00e1s saliente que me marc\u00f3 mucho fue la gente; un derrotero que lo sigo conservando, un privilegio, y lo destaco tambi\u00e9n relacionado a mi trabajo en el INTA, ya que es estar al servicio de la gente. Me llevo su cari\u00f1o y reconocimiento basado en esos or\u00edgenes rurales que me vieron transitar y crecer junto a la luz de un farol, luego con los grupos electr\u00f3genos consolid\u00e1ndose m\u00e1s tarde con la llegada de la corriente el\u00e9ctrica\u201d<\/em><br>&nbsp;<\/p>\n\n\n\n<p><strong>La carrera de extensionista<\/strong><br>Vivi\u00f3 en el campo hasta que decidi\u00f3 estudiar Agronom\u00eda. Obtuvo el t\u00edtulo de Ingeniero Agr\u00f3nomo en 1978 en la Facultad de Agronom\u00eda de la Universidad Nacional de La Plata y regres\u00f3 a San Andr\u00e9s de Giles donde surgi\u00f3 una posibilidad laboral en una Agronom\u00eda. Luego particip\u00f3 junto a 400 postulantes de un concurso de becas de iniciaci\u00f3n para graduados en el INTA, en la que qued\u00f3 seleccionado tras rendir un examen en Castelar.&nbsp;<em>\u201cMe hab\u00eda postulado para la EEA San Pedro en el sector de Extensi\u00f3n y tuve la suerte de ganar ese concurso, por lo que a mediados de julio de 1979 ingres\u00e9 junto a 9 compa\u00f1eros\u2026 2 \u00e9ramos para las Agencias que depend\u00edan de la Experimental, as\u00ed que tuve un a\u00f1o de entrenamiento con los distintos servicios que brindaba la instituci\u00f3n; pas\u00e9 tambi\u00e9n por AER San Nicol\u00e1s que me permiti\u00f3 adquirir experiencia; y por aquel entonces tambi\u00e9n fue oportuno participar del Censo para evaluar el potencial productivo en la zona costera norte de Buenos Aires, que organizaba el Mercado Central de Buenos Aires, dado que adquirimos experiencia con las salidas a campo para el relevamiento\u201d,<\/em>&nbsp;cuenta entusiasmado y a\u00f1orando esa etapa de su vida con un gran sentido de amistad que a\u00fan perdura.<\/p>\n\n\n\n<p>Luego de aquel per\u00edodo de aprendizaje y reconocimiento institucional de lo que se hac\u00eda en cada sector de la EEA y las vistas estilo pasant\u00edas en las agencias; en la d\u00e9cada del \u201980 fue designado a la Agencia de Extensi\u00f3n Rural de Z\u00e1rate en la que permaneci\u00f3, con algunas interrupciones, hasta la actualidad. All\u00ed se desempe\u00f1\u00f3 como Jefe de esa unidad, agente de Proyecto de Cambio Rural, y en 2011 fue nombrado como Coordinador del territorio Costa del Paran\u00e1.\u00a0<em>\u201cLa verdad fue una etapa muy linda en la que conoc\u00ed lo que era el INTA. Es una gran fortaleza y fue muy positiva esa etapa de aprendizaje y capacitaci\u00f3n que luego trasladamos a nuestro terru\u00f1o y \u00e1rea de trabajo espec\u00edfica. Al llegar a la AER Z\u00e1rate me encontr\u00e9 con un profesional agron\u00f3mico que se estaba yendo, por lo que tuve que ir conociendo la problem\u00e1tica y la gente del sector a partir de vinculaciones personales\u201d,<\/em>\u00a0recuerda Paganini haciendo una pausa reflexiva y afirma:\u00a0<em>\u201cEl INTA m\u00e1s que un trabajo, para m\u00ed fue una vocaci\u00f3n; realmente siempre lo interpret\u00e9 as\u00ed. Cada d\u00eda que me levantaba para ir a trabajar lo hac\u00eda con mucho gusto; siempre tuve un sentido de pertenencia. Y creo que m\u00e1s all\u00e1 de la gente que lo conduce, est\u00e1 la instituci\u00f3n que me permiti\u00f3 capacitarme, desarrollarme profesionalmente, trabajar en libertad en un \u00e1mbito de plena articulaci\u00f3n, con buenos compa\u00f1eros de trabajo, con organismos e instituciones\u201d.\u00a0<\/em>Con el\u00a0foco bien puesto en las vinculaci\u00f3n con el medio expresa:\u00a0<em>\u201cMi trabajo fue un pilar que se constituy\u00f3 en un medio y un modo de vida que me permiti\u00f3 crecer profesionalmente y tambi\u00e9n me dio lo medios econ\u00f3micos para formar una familia&#8230; creo que lo m\u00e1s importante es haber conformado un sistema de grandes amistades y compa\u00f1erismo no solo hacia dentro de la instituci\u00f3n\u201d.<\/em><\/p>\n\n\n\n<figure class=\"wp-block-image size-large\"><img decoding=\"async\" width=\"1024\" height=\"768\" data-attachment-id=\"92271\" data-permalink=\"https:\/\/eldiariodesanpedro.com.ar\/sitio\/adolfo-paganini-el-inta-para-mi-fue-una-vocacion\/unnamed-4-6\/\" data-orig-file=\"https:\/\/eldiariodesanpedro.com.ar\/sitio\/wp-content\/uploads\/2021\/05\/unnamed-4.jpg\" data-orig-size=\"2048,1536\" data-comments-opened=\"1\" data-image-meta=\"{&quot;aperture&quot;:&quot;0&quot;,&quot;credit&quot;:&quot;&quot;,&quot;camera&quot;:&quot;&quot;,&quot;caption&quot;:&quot;&quot;,&quot;created_timestamp&quot;:&quot;0&quot;,&quot;copyright&quot;:&quot;&quot;,&quot;focal_length&quot;:&quot;0&quot;,&quot;iso&quot;:&quot;0&quot;,&quot;shutter_speed&quot;:&quot;0&quot;,&quot;title&quot;:&quot;&quot;,&quot;orientation&quot;:&quot;0&quot;}\" data-image-title=\"unnamed (4)\" data-image-description=\"\" data-image-caption=\"\" data-large-file=\"https:\/\/eldiariodesanpedro.com.ar\/sitio\/wp-content\/uploads\/2021\/05\/unnamed-4-1024x768.jpg\" data-src=\"https:\/\/eldiariodesanpedro.com.ar\/sitio\/wp-content\/uploads\/2021\/05\/unnamed-4-1024x768.jpg\" alt=\"\" class=\"wp-image-92271 lazyload\" data-srcset=\"https:\/\/eldiariodesanpedro.com.ar\/sitio\/wp-content\/uploads\/2021\/05\/unnamed-4-1024x768.jpg 1024w, https:\/\/eldiariodesanpedro.com.ar\/sitio\/wp-content\/uploads\/2021\/05\/unnamed-4-300x225.jpg 300w, https:\/\/eldiariodesanpedro.com.ar\/sitio\/wp-content\/uploads\/2021\/05\/unnamed-4-768x576.jpg 768w, https:\/\/eldiariodesanpedro.com.ar\/sitio\/wp-content\/uploads\/2021\/05\/unnamed-4-1536x1152.jpg 1536w, https:\/\/eldiariodesanpedro.com.ar\/sitio\/wp-content\/uploads\/2021\/05\/unnamed-4-500x375.jpg 500w, https:\/\/eldiariodesanpedro.com.ar\/sitio\/wp-content\/uploads\/2021\/05\/unnamed-4.jpg 2048w\" data-sizes=\"(max-width: 1024px) 100vw, 1024px\" src=\"data:image\/svg+xml;base64,PHN2ZyB3aWR0aD0iMSIgaGVpZ2h0PSIxIiB4bWxucz0iaHR0cDovL3d3dy53My5vcmcvMjAwMC9zdmciPjwvc3ZnPg==\" style=\"--smush-placeholder-width: 1024px; --smush-placeholder-aspect-ratio: 1024\/768;\" \/><\/figure>\n\n\n\n<figure class=\"wp-block-image size-large\"><img decoding=\"async\" width=\"1024\" height=\"683\" data-attachment-id=\"92272\" data-permalink=\"https:\/\/eldiariodesanpedro.com.ar\/sitio\/adolfo-paganini-el-inta-para-mi-fue-una-vocacion\/unnamed-3-7\/\" data-orig-file=\"https:\/\/eldiariodesanpedro.com.ar\/sitio\/wp-content\/uploads\/2021\/05\/unnamed-3.jpg\" data-orig-size=\"2048,1366\" data-comments-opened=\"1\" data-image-meta=\"{&quot;aperture&quot;:&quot;0&quot;,&quot;credit&quot;:&quot;&quot;,&quot;camera&quot;:&quot;&quot;,&quot;caption&quot;:&quot;&quot;,&quot;created_timestamp&quot;:&quot;0&quot;,&quot;copyright&quot;:&quot;&quot;,&quot;focal_length&quot;:&quot;0&quot;,&quot;iso&quot;:&quot;0&quot;,&quot;shutter_speed&quot;:&quot;0&quot;,&quot;title&quot;:&quot;&quot;,&quot;orientation&quot;:&quot;0&quot;}\" data-image-title=\"unnamed (3)\" data-image-description=\"\" data-image-caption=\"\" data-large-file=\"https:\/\/eldiariodesanpedro.com.ar\/sitio\/wp-content\/uploads\/2021\/05\/unnamed-3-1024x683.jpg\" data-src=\"https:\/\/eldiariodesanpedro.com.ar\/sitio\/wp-content\/uploads\/2021\/05\/unnamed-3-1024x683.jpg\" alt=\"\" class=\"wp-image-92272 lazyload\" data-srcset=\"https:\/\/eldiariodesanpedro.com.ar\/sitio\/wp-content\/uploads\/2021\/05\/unnamed-3-1024x683.jpg 1024w, https:\/\/eldiariodesanpedro.com.ar\/sitio\/wp-content\/uploads\/2021\/05\/unnamed-3-300x200.jpg 300w, https:\/\/eldiariodesanpedro.com.ar\/sitio\/wp-content\/uploads\/2021\/05\/unnamed-3-768x512.jpg 768w, https:\/\/eldiariodesanpedro.com.ar\/sitio\/wp-content\/uploads\/2021\/05\/unnamed-3-1536x1025.jpg 1536w, https:\/\/eldiariodesanpedro.com.ar\/sitio\/wp-content\/uploads\/2021\/05\/unnamed-3.jpg 2048w\" data-sizes=\"(max-width: 1024px) 100vw, 1024px\" src=\"data:image\/svg+xml;base64,PHN2ZyB3aWR0aD0iMSIgaGVpZ2h0PSIxIiB4bWxucz0iaHR0cDovL3d3dy53My5vcmcvMjAwMC9zdmciPjwvc3ZnPg==\" style=\"--smush-placeholder-width: 1024px; --smush-placeholder-aspect-ratio: 1024\/683;\" \/><\/figure>\n","protected":false},"excerpt":{"rendered":"<p>\u201cSus conocimientos t\u00e9cnicos, su aplomo y su experiencia colaboraron a desarrollar en la regi\u00f3n los adelantos t\u00e9cnicos y agron\u00f3micos de la \u00e9poca gracias a su incansable tarea de extensi\u00f3n que result\u00f3 en la significativa mejora de las m\u00e1s diversas producciones\u201d, as\u00ed describen algunos medios de comunicaci\u00f3n zarate\u00f1os el trabajo que llev\u00f3 adelante Adolfo Paganini como [&hellip;]<\/p>\n","protected":false},"author":4,"featured_media":92270,"comment_status":"open","ping_status":"closed","sticky":false,"template":"","format":"standard","meta":{"om_disable_all_campaigns":false,"_jetpack_memberships_contains_paid_content":false,"footnotes":""},"categories":[101,2],"tags":[],"class_list":["post-92269","post","type-post","status-publish","format-standard","has-post-thumbnail","hentry","category-interes-general-locales","category-locales"],"aioseo_notices":[],"gutentor_comment":0,"jetpack_featured_media_url":"https:\/\/eldiariodesanpedro.com.ar\/sitio\/wp-content\/uploads\/2021\/05\/unnamed-5.jpg","jetpack_shortlink":"https:\/\/wp.me\/p6RhLt-o0d","jetpack_sharing_enabled":true,"_links":{"self":[{"href":"https:\/\/eldiariodesanpedro.com.ar\/sitio\/wp-json\/wp\/v2\/posts\/92269","targetHints":{"allow":["GET"]}}],"collection":[{"href":"https:\/\/eldiariodesanpedro.com.ar\/sitio\/wp-json\/wp\/v2\/posts"}],"about":[{"href":"https:\/\/eldiariodesanpedro.com.ar\/sitio\/wp-json\/wp\/v2\/types\/post"}],"author":[{"embeddable":true,"href":"https:\/\/eldiariodesanpedro.com.ar\/sitio\/wp-json\/wp\/v2\/users\/4"}],"replies":[{"embeddable":true,"href":"https:\/\/eldiariodesanpedro.com.ar\/sitio\/wp-json\/wp\/v2\/comments?post=92269"}],"version-history":[{"count":1,"href":"https:\/\/eldiariodesanpedro.com.ar\/sitio\/wp-json\/wp\/v2\/posts\/92269\/revisions"}],"predecessor-version":[{"id":92273,"href":"https:\/\/eldiariodesanpedro.com.ar\/sitio\/wp-json\/wp\/v2\/posts\/92269\/revisions\/92273"}],"wp:featuredmedia":[{"embeddable":true,"href":"https:\/\/eldiariodesanpedro.com.ar\/sitio\/wp-json\/wp\/v2\/media\/92270"}],"wp:attachment":[{"href":"https:\/\/eldiariodesanpedro.com.ar\/sitio\/wp-json\/wp\/v2\/media?parent=92269"}],"wp:term":[{"taxonomy":"category","embeddable":true,"href":"https:\/\/eldiariodesanpedro.com.ar\/sitio\/wp-json\/wp\/v2\/categories?post=92269"},{"taxonomy":"post_tag","embeddable":true,"href":"https:\/\/eldiariodesanpedro.com.ar\/sitio\/wp-json\/wp\/v2\/tags?post=92269"}],"curies":[{"name":"wp","href":"https:\/\/api.w.org\/{rel}","templated":true}]}}