{"id":92266,"date":"2021-05-10T17:31:08","date_gmt":"2021-05-10T20:31:08","guid":{"rendered":"https:\/\/eldiariodesanpedro.com.ar\/sitio\/?p=92266"},"modified":"2021-05-10T17:31:13","modified_gmt":"2021-05-10T20:31:13","slug":"gran-pesar-por-el-fallecimiento-de-marino-bornia-de-71-anos-presidente-de-la-sociedad-italiana","status":"publish","type":"post","link":"https:\/\/eldiariodesanpedro.com.ar\/sitio\/gran-pesar-por-el-fallecimiento-de-marino-bornia-de-71-anos-presidente-de-la-sociedad-italiana\/","title":{"rendered":"Gran pesar por el fallecimiento de Marino Bornia de 71 a\u00f1os presidente de la Sociedad Italiana"},"content":{"rendered":"<!-- VideographyWP Plugin Message: Automatic video embedding prevented by plugin options. -->\n\n<p>La Secretar\u00eda de Salud de la Municipalidad de San Pedro informa el fallecimiento del Sr. Marino Bornia, de 71 a\u00f1os de edad, internado con COVID 19 positivo, en la ciudad de Rosario.<\/p>\n\n\n\n<p>La Sociedad Italiana lamenta comunicar el fallecimiento del Se\u00f1or Marino Bornia, presidente de la Instituci\u00f3n. Italiano de origen, nacido en Zeri, provincia de Massa Carrara hab\u00eda llegado a la Argentina en 1956 y ten\u00eda 71 a\u00f1os. <\/p>\n\n\n\n<p>Acompa\u00f1amos a su familia y amigos en este momento y rogamos por su descanso eterno. Por tal motivo, y en se\u00f1al de duelo la Instituci\u00f3n permanecer\u00e1 cerrada los d\u00edas 10 y 11 de mayo.<\/p>\n","protected":false},"excerpt":{"rendered":"<p>La Secretar\u00eda de Salud de la Municipalidad de San Pedro informa el fallecimiento del Sr. Marino Bornia, de 71 a\u00f1os de edad, internado con COVID 19 positivo, en la ciudad de Rosario. La Sociedad Italiana lamenta comunicar el fallecimiento del Se\u00f1or Marino Bornia, presidente de la Instituci\u00f3n. Italiano de origen, nacido en Zeri, provincia de [&hellip;]<\/p>\n","protected":false},"author":4,"featured_media":92267,"comment_status":"open","ping_status":"closed","sticky":false,"template":"","format":"standard","meta":{"om_disable_all_campaigns":false,"_jetpack_memberships_contains_paid_content":false,"footnotes":""},"categories":[50,101,2],"tags":[],"class_list":["post-92266","post","type-post","status-publish","format-standard","has-post-thumbnail","hentry","category-destacadas","category-interes-general-locales","category-locales"],"aioseo_notices":[],"gutentor_comment":0,"jetpack_featured_media_url":"https:\/\/eldiariodesanpedro.com.ar\/sitio\/wp-content\/uploads\/2021\/05\/Marino-Bornia-.png","jetpack_shortlink":"https:\/\/wp.me\/p6RhLt-o0a","jetpack_sharing_enabled":true,"_links":{"self":[{"href":"https:\/\/eldiariodesanpedro.com.ar\/sitio\/wp-json\/wp\/v2\/posts\/92266","targetHints":{"allow":["GET"]}}],"collection":[{"href":"https:\/\/eldiariodesanpedro.com.ar\/sitio\/wp-json\/wp\/v2\/posts"}],"about":[{"href":"https:\/\/eldiariodesanpedro.com.ar\/sitio\/wp-json\/wp\/v2\/types\/post"}],"author":[{"embeddable":true,"href":"https:\/\/eldiariodesanpedro.com.ar\/sitio\/wp-json\/wp\/v2\/users\/4"}],"replies":[{"embeddable":true,"href":"https:\/\/eldiariodesanpedro.com.ar\/sitio\/wp-json\/wp\/v2\/comments?post=92266"}],"version-history":[{"count":1,"href":"https:\/\/eldiariodesanpedro.com.ar\/sitio\/wp-json\/wp\/v2\/posts\/92266\/revisions"}],"predecessor-version":[{"id":92268,"href":"https:\/\/eldiariodesanpedro.com.ar\/sitio\/wp-json\/wp\/v2\/posts\/92266\/revisions\/92268"}],"wp:featuredmedia":[{"embeddable":true,"href":"https:\/\/eldiariodesanpedro.com.ar\/sitio\/wp-json\/wp\/v2\/media\/92267"}],"wp:attachment":[{"href":"https:\/\/eldiariodesanpedro.com.ar\/sitio\/wp-json\/wp\/v2\/media?parent=92266"}],"wp:term":[{"taxonomy":"category","embeddable":true,"href":"https:\/\/eldiariodesanpedro.com.ar\/sitio\/wp-json\/wp\/v2\/categories?post=92266"},{"taxonomy":"post_tag","embeddable":true,"href":"https:\/\/eldiariodesanpedro.com.ar\/sitio\/wp-json\/wp\/v2\/tags?post=92266"}],"curies":[{"name":"wp","href":"https:\/\/api.w.org\/{rel}","templated":true}]}}