{"id":92263,"date":"2021-05-10T11:40:15","date_gmt":"2021-05-10T14:40:15","guid":{"rendered":"https:\/\/eldiariodesanpedro.com.ar\/sitio\/?p=92263"},"modified":"2021-05-10T11:40:19","modified_gmt":"2021-05-10T14:40:19","slug":"restricciones-intermitentes-para-pasar-el-invierno-la-proyeccion-de-axel-kicillof-para-soportar-el-impacto-de-la-segunda-ola-en-los-proximos-meses","status":"publish","type":"post","link":"https:\/\/eldiariodesanpedro.com.ar\/sitio\/restricciones-intermitentes-para-pasar-el-invierno-la-proyeccion-de-axel-kicillof-para-soportar-el-impacto-de-la-segunda-ola-en-los-proximos-meses\/","title":{"rendered":"Restricciones intermitentes para pasar el invierno: la proyecci\u00f3n de Axel Kicillof para soportar el impacto de la segunda ola en los pr\u00f3ximos meses"},"content":{"rendered":"<!-- VideographyWP Plugin Message: Automatic video embedding prevented by plugin options. -->\n\n<h4 class=\"wp-block-heading\">El Gobierno bonaerense planea mantener las medidas restrictivas en los meses de fr\u00edo. Ajustar\u00e1n el plan de acci\u00f3n en base a la cantidad de contagios y vacunados. Podr\u00edan extenderse las clases virtuales<\/h4>\n\n\n\n<p>El 17 de julio del 2020 el gobernador de la provincia de Buenos Aires, Axel Kicillof, anunci\u00f3 el comienzo de una \u201ccuarentena intermitente\u201d para dejar atr\u00e1s el aislamiento duro que se hab\u00eda instalado como consecuencia del aumento de casos de COVID-19. Plante\u00f3 un avance lento y escalonado en la apertura de actividades, \u00edntimamente relacionado al aumento de casos y de camas de terapia intensiva. Menos casos, menos restricciones. M\u00e1s casos, m\u00e1s restricciones. Medidas intermitentes seg\u00fan la realidad epidemiol\u00f3gica.<\/p>\n\n\n\n<p>Lo que el gobierno bonaerense aplicar\u00e1 en los pr\u00f3ximos meses es un formato similar. El t\u00edtulo \u201ccuarentena\u201d quiz\u00e1s quede grande porque el aislamiento, como se llev\u00f3 a cabo el a\u00f1o pasado, ya no se aplica. Al menos, por ahora. Hasta el momento hay restricciones a la circulaci\u00f3n enfocadas en la noche.<\/p>\n\n\n\n<p>Kicillof ya tiene decidido mantener las medidas restrictivas hasta que pase el invierno, el momento donde las autoridades sanitarias esperan que los casos aumenten y el sistema sanitario vuelva a sufrir.<\/p>\n\n\n\n<p>\u201cNadie se imagina un invierno sin restricciones\u201d, asumi\u00f3 un funcionario del Ministerio de Salud bonaerense ante la consulta de Infobae sobre el plan sanitario para el tiempo que se avecina. En La Plata no tienen un punteo concreto de medidas que ya sepan que van a continuar, pero advierten que en un formato \u201cintermitente\u201d se aplicar\u00e1n \u201clas que sean necesarias para cada momento\u201d.<\/p>\n\n\n\n<p>En ese plan de acci\u00f3n tambi\u00e9n est\u00e1n incluidas las clases presenciales. El regreso a la presencialidad en las aulas depender\u00e1 exclusivamente de los datos epidemiol\u00f3gicos. Kicillof no dudar\u00e1 si tiene que extender la virtualidad en los colegios con el fin de bajar el nivel de contagios. La flexibilidad est\u00e1 atada a la situaci\u00f3n sanitaria. No hay dudas. Pese a las presiones de la sociedad o la oposici\u00f3n, al mandatario no le temblar\u00e1 el pulso si tiene que mantener las clases por Zoom.<\/p>\n\n\n\n<p>El esquema que plantean tiene que ver con aflojar las restricciones siempre y cuando exista una baja real de casos y, en consecuencia, una disminuci\u00f3n de internados en el sistema de salud. Si cuando abren las actividades los casos vuelven a subir, entonces se debe volver un paso para atr\u00e1s y cerrar. As\u00ed hasta que el operativo de vacunaci\u00f3n avance lo suficiente. Los encuentros sociales son los que est\u00e1n en la mira, ya que la decisi\u00f3n de Kicillof, en sinton\u00eda con el gobierno nacional, es evitar tocar la actividad econ\u00f3mica.<\/p>\n\n\n\n<p>En la cartera que conduce Carla Vizzotti vienen analizando esta posibilidad desde hace algunas semanas. Una vez que los casos empiecen a bajar, instaurar el sistema de aperturas y cierres con un monitoreo diario de la curva de contagios. Sin embargo, van a esperar hasta el 21 de mayo, cuando venza el DNU, para hacer una nueva evaluaci\u00f3n.<\/p>\n\n\n\n<p>Para llevar adelante ese plan el mejor soporte que tiene el gobierno nacional es el sem\u00e1foro epidemiol\u00f3gico activ\u00f3 el \u00faltimo DNU presidencial. En la provincia es la aplicaci\u00f3n del sistema de fases que utilizan desde el a\u00f1o pasado y que le ha dado buenos resultados.<\/p>\n\n\n\n<p>En el gobierno bonaerense asumen que esa posible continuidad de las clases virtuales podr\u00eda generarles un nuevo enfrentamiento con la gesti\u00f3n porte\u00f1a que conduce Horacio Rodr\u00edguez Larreta, quien en la Ciudad de Buenos Aires mantiene la presencialidad en el jard\u00edn y la escuela primaria, mientras que en la secundar\u00eda aplica un sistema un bimodal. \u201cVamos a hacer lo que tengamos que hacer. La decisi\u00f3n depender\u00e1 de la situaci\u00f3n sanitaria\u201d, marcaron cerca del Gobernador.<\/p>\n\n\n\n<p>El ministro de Salud bonaerense, Daniel Goll\u00e1n, advirti\u00f3 el domingo que la gesti\u00f3n de Kicillof quiere seguir el esquema implementado en Alemania e Israel respecto al cierre y aperturas de actividades. \u201cCon todos los cuidados podremos abrir determinadas actividades un tiempo y quiz\u00e1 las volvemos a cerrar. Hay que jugar a un equilibrio que depender\u00e1 de los casos y de la baja de los contagios\u201d, sostuvo.<\/p>\n\n\n\n<p>En ese equilibrio pasar\u00e1 a jugar un papel fundamental la cantidad de vacunas que el gobierno de Buenos Aires tenga disponible para aplicar en los pr\u00f3ximos tres meses. La inmunizaci\u00f3n reduce la circulaci\u00f3n del virus pero, en un conglomerado urbano tan poblado como el AMBA, el salto en la cantidad de vacunados tiene que ser exponencial para que se note.<\/p>\n\n\n\n<p>Los contagios se desaceleraron en el AMBA. Lo confirm\u00f3 Carla Vizzotti durante la semana. Las restricciones tomadas por Alberto Fern\u00e1ndez empezaron a surtir efecto, pero hacia adelante el panorama sigue siendo incierto. En definitiva, el escenario sanitario es el resultado de distintas variables como la ca\u00edda de los casos, la ocupaci\u00f3n de las camas de UTI y la cantidad de vacunas aplicadas.<\/p>\n\n\n\n<p>Es imposible tener una proyecci\u00f3n precisa sobre cu\u00e1ndo y cu\u00e1ntas vacunas llegar\u00e1n al pa\u00eds, por lo que la planificaci\u00f3n se hace sobre un escenario atado a modificaciones. En el primer paso es vacunar a los 5.700.000 personas que est\u00e1n dentro de los grupos de riesgo. Ese primer paso le otorgar\u00e1 al Gobierno un margen mayor para poder decidir las restricciones ya que la poblaci\u00f3n m\u00e1s vulnerable estar\u00e1 protegida.<\/p>\n\n\n\n<p>En la provincia ya est\u00e1n vacunados el 95,22% del personal de salud, el 88,15% de los mayores de 70 a\u00f1os, el 92,35% de las personas de entre 60 y 69 con comorbilidades, el 70% de la misma franja etaria pero sin ninguna enfermedad preexistente, el 50,54% del personal docente y vinculado a las escuelas, y el 27,96% del personal de seguridad. El c\u00e1lculo es siempre sobre los que est\u00e1n inscriptos. Hay, hasta el momento, 3.075.260 vacunados.<\/p>\n\n\n\n<p>En base a los \u00faltimos datos, la provincia de Buenos Aires dej\u00f3 de ser uno de lugares donde se registran la mayor\u00eda de los contagios. Cuando hace dos semanas el 62,04% de los diagn\u00f3sticos positivos de COVID-19 se registraban en la ciudad y Buenos Aires, y un 37,96% en el resto del pa\u00eds, ahora esos n\u00fameros est\u00e1n m\u00e1s equilibrados: el 52,69% de los nuevos casos son en PBA y CABA y el 47,31% en el resto del pa\u00eds.<\/p>\n\n\n\n<p>En La Plata dan por descontado que la mayor\u00eda de los intendentes respaldar\u00e1n la extensi\u00f3n de las medidas por un largo plazo. La velocidad con la que se multiplicaron los casos con las nuevas variantes de Covid-19 pusieron a muchos sistemas de salud municipales en jaque. Fueron muchos de los intendentes los que le pidieron a Kicillof m\u00e1s restricciones para poder frenar el impacto de la segunda ola.<\/p>\n\n\n\n<p>Adem\u00e1s, tambi\u00e9n consideran que la sociedad empez\u00f3 a tomar conciencia sobre la gravedad de la segunda ola y soportar\u00e1n las medidas restrictivas hasta que pase el invierno. \u201c\u00bfLa gente se banca muertos por no tener camas para internarlos? No hay muchas alternativas\u201d, esboz\u00f3 un funcionario bonaerense con crudeza. Estiman que en el \u00faltimo trimestre la cantidad de vacunados les permitir\u00e1 disminuir las restricciones. Pero tambi\u00e9n saben que en pandemia las proyecciones no siempre est\u00e1n acompa\u00f1adas de certezas.<\/p>\n","protected":false},"excerpt":{"rendered":"<p>El Gobierno bonaerense planea mantener las medidas restrictivas en los meses de fr\u00edo. Ajustar\u00e1n el plan de acci\u00f3n en base a la cantidad de contagios y vacunados. Podr\u00edan extenderse las clases virtuales El 17 de julio del 2020 el gobernador de la provincia de Buenos Aires, Axel Kicillof, anunci\u00f3 el comienzo de una \u201ccuarentena intermitente\u201d [&hellip;]<\/p>\n","protected":false},"author":4,"featured_media":92264,"comment_status":"open","ping_status":"closed","sticky":false,"template":"","format":"standard","meta":{"om_disable_all_campaigns":false,"_jetpack_memberships_contains_paid_content":false,"footnotes":""},"categories":[621],"tags":[],"class_list":["post-92263","post","type-post","status-publish","format-standard","has-post-thumbnail","hentry","category-regionales"],"aioseo_notices":[],"gutentor_comment":0,"jetpack_featured_media_url":"https:\/\/eldiariodesanpedro.com.ar\/sitio\/wp-content\/uploads\/2021\/05\/KGXOVFP6QNB6XGSUKX6G3PXI6U.jpg","jetpack_shortlink":"https:\/\/wp.me\/p6RhLt-o07","jetpack_sharing_enabled":true,"_links":{"self":[{"href":"https:\/\/eldiariodesanpedro.com.ar\/sitio\/wp-json\/wp\/v2\/posts\/92263","targetHints":{"allow":["GET"]}}],"collection":[{"href":"https:\/\/eldiariodesanpedro.com.ar\/sitio\/wp-json\/wp\/v2\/posts"}],"about":[{"href":"https:\/\/eldiariodesanpedro.com.ar\/sitio\/wp-json\/wp\/v2\/types\/post"}],"author":[{"embeddable":true,"href":"https:\/\/eldiariodesanpedro.com.ar\/sitio\/wp-json\/wp\/v2\/users\/4"}],"replies":[{"embeddable":true,"href":"https:\/\/eldiariodesanpedro.com.ar\/sitio\/wp-json\/wp\/v2\/comments?post=92263"}],"version-history":[{"count":1,"href":"https:\/\/eldiariodesanpedro.com.ar\/sitio\/wp-json\/wp\/v2\/posts\/92263\/revisions"}],"predecessor-version":[{"id":92265,"href":"https:\/\/eldiariodesanpedro.com.ar\/sitio\/wp-json\/wp\/v2\/posts\/92263\/revisions\/92265"}],"wp:featuredmedia":[{"embeddable":true,"href":"https:\/\/eldiariodesanpedro.com.ar\/sitio\/wp-json\/wp\/v2\/media\/92264"}],"wp:attachment":[{"href":"https:\/\/eldiariodesanpedro.com.ar\/sitio\/wp-json\/wp\/v2\/media?parent=92263"}],"wp:term":[{"taxonomy":"category","embeddable":true,"href":"https:\/\/eldiariodesanpedro.com.ar\/sitio\/wp-json\/wp\/v2\/categories?post=92263"},{"taxonomy":"post_tag","embeddable":true,"href":"https:\/\/eldiariodesanpedro.com.ar\/sitio\/wp-json\/wp\/v2\/tags?post=92263"}],"curies":[{"name":"wp","href":"https:\/\/api.w.org\/{rel}","templated":true}]}}