{"id":92260,"date":"2021-05-10T10:56:00","date_gmt":"2021-05-10T13:56:00","guid":{"rendered":"https:\/\/eldiariodesanpedro.com.ar\/sitio\/?p=92260"},"modified":"2021-05-10T10:56:07","modified_gmt":"2021-05-10T13:56:07","slug":"inta-san-pedro-despide-a-norberto-lanza","status":"publish","type":"post","link":"https:\/\/eldiariodesanpedro.com.ar\/sitio\/inta-san-pedro-despide-a-norberto-lanza\/","title":{"rendered":"INTA San Pedro despide a Norberto Lanza"},"content":{"rendered":"<!-- VideographyWP Plugin Message: Automatic video embedding prevented by plugin options. -->\n\n<p>El domingo 9 de mayo falleci\u00f3 Norberto \u00abTito\u00bb Lanza, Vicepresidente de la Asociaci\u00f3n Cooperadora del INTA San Pedro, e integrante de la misma desde 1999.<\/p>\n\n\n\n<p>Tito era productor de la zona de San Nicol\u00e1s, muy querido entre sus pares y recordado por sus gestos afectuosos. \u00abLo vamos a recordar siempre\u00bb, \u00abEra mi amigo incondicional, \u00e9l me introdujo a la cooperadora\u00bb, \u00abSiempre predispuesto a hacer cosas y colaborar\u00bb, fueron alguno de los mensajes emotivos de sus compa\u00f1eros de la Asociaci\u00f3n Cooperadora.&nbsp;<\/p>\n\n\n\n<p>El INTA San Pedro lo despide con mucho cari\u00f1o y agradecimiento por sus aportes realizados a la instituci\u00f3n. En su homenaje, se plantar\u00e1 un \u00e1rbol en la Estaci\u00f3n Experimental, para rememorar su vida y la huella que ha dejado en nuestros corazones.<\/p>\n","protected":false},"excerpt":{"rendered":"<p>El domingo 9 de mayo falleci\u00f3 Norberto \u00abTito\u00bb Lanza, Vicepresidente de la Asociaci\u00f3n Cooperadora del INTA San Pedro, e integrante de la misma desde 1999. Tito era productor de la zona de San Nicol\u00e1s, muy querido entre sus pares y recordado por sus gestos afectuosos. \u00abLo vamos a recordar siempre\u00bb, \u00abEra mi amigo incondicional, \u00e9l [&hellip;]<\/p>\n","protected":false},"author":4,"featured_media":92261,"comment_status":"open","ping_status":"closed","sticky":false,"template":"","format":"standard","meta":{"om_disable_all_campaigns":false,"_jetpack_memberships_contains_paid_content":false,"footnotes":""},"categories":[2],"tags":[],"class_list":["post-92260","post","type-post","status-publish","format-standard","has-post-thumbnail","hentry","category-locales"],"aioseo_notices":[],"gutentor_comment":0,"jetpack_featured_media_url":"https:\/\/eldiariodesanpedro.com.ar\/sitio\/wp-content\/uploads\/2021\/05\/184664230_2009893272499209_790877699606590438_n.jpg","jetpack_shortlink":"https:\/\/wp.me\/p6RhLt-o04","jetpack_sharing_enabled":true,"_links":{"self":[{"href":"https:\/\/eldiariodesanpedro.com.ar\/sitio\/wp-json\/wp\/v2\/posts\/92260","targetHints":{"allow":["GET"]}}],"collection":[{"href":"https:\/\/eldiariodesanpedro.com.ar\/sitio\/wp-json\/wp\/v2\/posts"}],"about":[{"href":"https:\/\/eldiariodesanpedro.com.ar\/sitio\/wp-json\/wp\/v2\/types\/post"}],"author":[{"embeddable":true,"href":"https:\/\/eldiariodesanpedro.com.ar\/sitio\/wp-json\/wp\/v2\/users\/4"}],"replies":[{"embeddable":true,"href":"https:\/\/eldiariodesanpedro.com.ar\/sitio\/wp-json\/wp\/v2\/comments?post=92260"}],"version-history":[{"count":1,"href":"https:\/\/eldiariodesanpedro.com.ar\/sitio\/wp-json\/wp\/v2\/posts\/92260\/revisions"}],"predecessor-version":[{"id":92262,"href":"https:\/\/eldiariodesanpedro.com.ar\/sitio\/wp-json\/wp\/v2\/posts\/92260\/revisions\/92262"}],"wp:featuredmedia":[{"embeddable":true,"href":"https:\/\/eldiariodesanpedro.com.ar\/sitio\/wp-json\/wp\/v2\/media\/92261"}],"wp:attachment":[{"href":"https:\/\/eldiariodesanpedro.com.ar\/sitio\/wp-json\/wp\/v2\/media?parent=92260"}],"wp:term":[{"taxonomy":"category","embeddable":true,"href":"https:\/\/eldiariodesanpedro.com.ar\/sitio\/wp-json\/wp\/v2\/categories?post=92260"},{"taxonomy":"post_tag","embeddable":true,"href":"https:\/\/eldiariodesanpedro.com.ar\/sitio\/wp-json\/wp\/v2\/tags?post=92260"}],"curies":[{"name":"wp","href":"https:\/\/api.w.org\/{rel}","templated":true}]}}