{"id":92258,"date":"2021-05-10T10:43:15","date_gmt":"2021-05-10T13:43:15","guid":{"rendered":"https:\/\/eldiariodesanpedro.com.ar\/sitio\/?p=92258"},"modified":"2021-05-10T10:43:19","modified_gmt":"2021-05-10T13:43:19","slug":"un-incendio-ocurrio-en-una-vivienda-en-rio-tala","status":"publish","type":"post","link":"https:\/\/eldiariodesanpedro.com.ar\/sitio\/un-incendio-ocurrio-en-una-vivienda-en-rio-tala\/","title":{"rendered":"Un incendio ocurri\u00f3 en una vivienda en R\u00edo Tala"},"content":{"rendered":"<!-- VideographyWP Plugin Message: Automatic video embedding prevented by plugin options. -->\n\n<p>En la jornada de ayer en horas de la noche ocurri\u00f3 un siniestro donde se tuvo que hacer presente una dotaci\u00f3n de Bomberos Voluntarios en la vecina localidad de R\u00edo Tala por el incendio de una vivienda.<\/p>\n\n\n\n<p>El hecho tuvo lugar alrededor de las 22:30 hs en una vivienda ubicada en calle San Martin s\/n donde a la llegada de la dotaci\u00f3n a cargo de Rom\u00e1n Montenegro el fuego se encontraba generalizado en una habitaci\u00f3n y en la cocina.<\/p>\n\n\n\n<p>Luego de un arduo trabajo lograron extinguir el fuego determinando que las perdidas en la habitaci\u00f3n fueron totales y dentro de la cocina parciales.<\/p>\n\n\n\n<p>Un ciudadano fue trasladado por el SAME hacia el nosocomio de nuestra ciudad por presentar quemaduras en sus manos.<\/p>\n","protected":false},"excerpt":{"rendered":"<p>En la jornada de ayer en horas de la noche ocurri\u00f3 un siniestro donde se tuvo que hacer presente una dotaci\u00f3n de Bomberos Voluntarios en la vecina localidad de R\u00edo Tala por el incendio de una vivienda. El hecho tuvo lugar alrededor de las 22:30 hs en una vivienda ubicada en calle San Martin s\/n [&hellip;]<\/p>\n","protected":false},"author":4,"featured_media":79637,"comment_status":"open","ping_status":"closed","sticky":false,"template":"","format":"standard","meta":{"om_disable_all_campaigns":false,"_jetpack_memberships_contains_paid_content":false,"footnotes":""},"categories":[2,103],"tags":[],"class_list":["post-92258","post","type-post","status-publish","format-standard","has-post-thumbnail","hentry","category-locales","category-policiales-locales"],"aioseo_notices":[],"gutentor_comment":0,"jetpack_featured_media_url":"https:\/\/eldiariodesanpedro.com.ar\/sitio\/wp-content\/uploads\/2020\/08\/WhatsApp-Image-2020-08-19-at-10.06.55-1.jpeg","jetpack_shortlink":"https:\/\/wp.me\/p6RhLt-o02","jetpack_sharing_enabled":true,"_links":{"self":[{"href":"https:\/\/eldiariodesanpedro.com.ar\/sitio\/wp-json\/wp\/v2\/posts\/92258","targetHints":{"allow":["GET"]}}],"collection":[{"href":"https:\/\/eldiariodesanpedro.com.ar\/sitio\/wp-json\/wp\/v2\/posts"}],"about":[{"href":"https:\/\/eldiariodesanpedro.com.ar\/sitio\/wp-json\/wp\/v2\/types\/post"}],"author":[{"embeddable":true,"href":"https:\/\/eldiariodesanpedro.com.ar\/sitio\/wp-json\/wp\/v2\/users\/4"}],"replies":[{"embeddable":true,"href":"https:\/\/eldiariodesanpedro.com.ar\/sitio\/wp-json\/wp\/v2\/comments?post=92258"}],"version-history":[{"count":1,"href":"https:\/\/eldiariodesanpedro.com.ar\/sitio\/wp-json\/wp\/v2\/posts\/92258\/revisions"}],"predecessor-version":[{"id":92259,"href":"https:\/\/eldiariodesanpedro.com.ar\/sitio\/wp-json\/wp\/v2\/posts\/92258\/revisions\/92259"}],"wp:featuredmedia":[{"embeddable":true,"href":"https:\/\/eldiariodesanpedro.com.ar\/sitio\/wp-json\/wp\/v2\/media\/79637"}],"wp:attachment":[{"href":"https:\/\/eldiariodesanpedro.com.ar\/sitio\/wp-json\/wp\/v2\/media?parent=92258"}],"wp:term":[{"taxonomy":"category","embeddable":true,"href":"https:\/\/eldiariodesanpedro.com.ar\/sitio\/wp-json\/wp\/v2\/categories?post=92258"},{"taxonomy":"post_tag","embeddable":true,"href":"https:\/\/eldiariodesanpedro.com.ar\/sitio\/wp-json\/wp\/v2\/tags?post=92258"}],"curies":[{"name":"wp","href":"https:\/\/api.w.org\/{rel}","templated":true}]}}