{"id":92255,"date":"2021-05-10T10:22:34","date_gmt":"2021-05-10T13:22:34","guid":{"rendered":"https:\/\/eldiariodesanpedro.com.ar\/sitio\/?p=92255"},"modified":"2021-05-10T10:22:44","modified_gmt":"2021-05-10T13:22:44","slug":"el-morro-termino-noveno-en-parana-y-sigue-sumando-en-el-campeonato","status":"publish","type":"post","link":"https:\/\/eldiariodesanpedro.com.ar\/sitio\/el-morro-termino-noveno-en-parana-y-sigue-sumando-en-el-campeonato\/","title":{"rendered":"El Morro termino noveno en Paran\u00e1 y sigue sumando en el campeonato"},"content":{"rendered":"<!-- VideographyWP Plugin Message: Automatic video embedding prevented by plugin options. -->\n\n<p>Fernando \u00abMorro\u00bb Iglesias volvi\u00f3 a tener una excelente presentaci\u00f3n en la quinta fecha del TC Pista. El sampedrino se ubic\u00f3 octavo en la final de la competencia luego de que una serie de recargos los beneficiaran luego de que su puesto original sea el noveno.<\/p>\n\n\n\n<p>\u00abMorro\u00bb tuvo un fin de semana que fue de menor a mayor a tal punto que despu\u00e9s de largar en la 12da. ubicaci\u00f3n fue ganando lugares y termin\u00f3 la competencia pelando mano a mano con varios autos para cerrar el clasificatorio&nbsp;lo m\u00e1s adelante posible y volvi\u00f3 a quedar entre los diez mejores de la fecha.<\/p>\n\n\n\n<p>El joven piloto&nbsp;de Chacabuco,&nbsp;Elio Craparo (Ford), se coron\u00f3 en Paran\u00e1, es l\u00edder del campeonato y ya posee el triunfo necesario para lograr el t\u00edtulo.&nbsp;<\/p>\n\n\n\n<p>Su escolta fue Agust\u00edn De Brabandere (Ford), lo sigui\u00f3 Agust\u00edn Mart\u00edn (Ford). Luego&nbsp;llegaron Ian Reutemann (Dodge), Humberto Krujoski (Chevrolet), Lucas Carabajal (Chevrolet) y Federico Iribarne (Chevrolet).<\/p>\n\n\n\n<p>La pr\u00f3xima fecha del TC Pista ser\u00e1 el 30 de mayo en Concordia, tambi\u00e9n en la provincia de Entre R\u00edos.<\/p>\n","protected":false},"excerpt":{"rendered":"<p>Fernando \u00abMorro\u00bb Iglesias volvi\u00f3 a tener una excelente presentaci\u00f3n en la quinta fecha del TC Pista. El sampedrino se ubic\u00f3 octavo en la final de la competencia luego de que una serie de recargos los beneficiaran luego de que su puesto original sea el noveno. \u00abMorro\u00bb tuvo un fin de semana que fue de menor [&hellip;]<\/p>\n","protected":false},"author":4,"featured_media":92256,"comment_status":"open","ping_status":"closed","sticky":false,"template":"","format":"standard","meta":{"om_disable_all_campaigns":false,"_jetpack_memberships_contains_paid_content":false,"footnotes":""},"categories":[101,2],"tags":[],"class_list":["post-92255","post","type-post","status-publish","format-standard","has-post-thumbnail","hentry","category-interes-general-locales","category-locales"],"aioseo_notices":[],"gutentor_comment":0,"jetpack_featured_media_url":"https:\/\/eldiariodesanpedro.com.ar\/sitio\/wp-content\/uploads\/2021\/05\/174274371_939058816907241_8014971587816643610_n.jpg","jetpack_shortlink":"https:\/\/wp.me\/p6RhLt-nZZ","jetpack_sharing_enabled":true,"_links":{"self":[{"href":"https:\/\/eldiariodesanpedro.com.ar\/sitio\/wp-json\/wp\/v2\/posts\/92255","targetHints":{"allow":["GET"]}}],"collection":[{"href":"https:\/\/eldiariodesanpedro.com.ar\/sitio\/wp-json\/wp\/v2\/posts"}],"about":[{"href":"https:\/\/eldiariodesanpedro.com.ar\/sitio\/wp-json\/wp\/v2\/types\/post"}],"author":[{"embeddable":true,"href":"https:\/\/eldiariodesanpedro.com.ar\/sitio\/wp-json\/wp\/v2\/users\/4"}],"replies":[{"embeddable":true,"href":"https:\/\/eldiariodesanpedro.com.ar\/sitio\/wp-json\/wp\/v2\/comments?post=92255"}],"version-history":[{"count":1,"href":"https:\/\/eldiariodesanpedro.com.ar\/sitio\/wp-json\/wp\/v2\/posts\/92255\/revisions"}],"predecessor-version":[{"id":92257,"href":"https:\/\/eldiariodesanpedro.com.ar\/sitio\/wp-json\/wp\/v2\/posts\/92255\/revisions\/92257"}],"wp:featuredmedia":[{"embeddable":true,"href":"https:\/\/eldiariodesanpedro.com.ar\/sitio\/wp-json\/wp\/v2\/media\/92256"}],"wp:attachment":[{"href":"https:\/\/eldiariodesanpedro.com.ar\/sitio\/wp-json\/wp\/v2\/media?parent=92255"}],"wp:term":[{"taxonomy":"category","embeddable":true,"href":"https:\/\/eldiariodesanpedro.com.ar\/sitio\/wp-json\/wp\/v2\/categories?post=92255"},{"taxonomy":"post_tag","embeddable":true,"href":"https:\/\/eldiariodesanpedro.com.ar\/sitio\/wp-json\/wp\/v2\/tags?post=92255"}],"curies":[{"name":"wp","href":"https:\/\/api.w.org\/{rel}","templated":true}]}}