{"id":92250,"date":"2021-05-09T18:44:22","date_gmt":"2021-05-09T21:44:22","guid":{"rendered":"https:\/\/eldiariodesanpedro.com.ar\/sitio\/?p=92250"},"modified":"2021-05-09T18:44:26","modified_gmt":"2021-05-09T21:44:26","slug":"zarate-exploto-un-camion-cisterna-en-la-ciudad-de-lima","status":"publish","type":"post","link":"https:\/\/eldiariodesanpedro.com.ar\/sitio\/zarate-exploto-un-camion-cisterna-en-la-ciudad-de-lima\/","title":{"rendered":"Z\u00c1RATE | Explot\u00f3 un cami\u00f3n cisterna en la ciudad de Lima"},"content":{"rendered":"<!-- VideographyWP Plugin Message: Automatic video embedding prevented by plugin options. -->\n\n<p><strong><em>Hubo un herido y fue internado en el Hospital Virgen del Carmen de Z\u00e1rate.<\/em><\/strong><\/p>\n\n\n\n<p>El viernes por la tarde se produjo el incendio y posterior explosi\u00f3n de un cami\u00f3n cisterna que se encontraba en un dep\u00f3sito ubicado a la altura del kil\u00f3metro 100 de la Ruta 9, en jurisdicci\u00f3n de Lima.<\/p>\n\n\n\n<p>Aparentemente, un desperfecto el\u00e9ctrico inici\u00f3 el fuego en la cabina y por el calor generado, termin\u00f3 explotando la pared frontal del tanque cisterna del veh\u00edculo. Una persona fue trasladada hasta el Hospital Virgen del Carmen de Z\u00e1rate con quemaduras de segundo grado y politraumatismos.<\/p>\n\n\n\n<p>En el lugar trabajaron tres m\u00f3viles de Bomberos Voluntarios de Lima y Z\u00e1rate, con el apoyo de efectivos de la Comisar\u00eda Z\u00e1rate 2da. con asiento en Lima<\/p>\n\n\n\n<p>Fuente: <a href=\"https:\/\/www.laautenticadefensa.net\/182039\">La Autentica Defensa<\/a><\/p>\n","protected":false},"excerpt":{"rendered":"<p>Hubo un herido y fue internado en el Hospital Virgen del Carmen de Z\u00e1rate. El viernes por la tarde se produjo el incendio y posterior explosi\u00f3n de un cami\u00f3n cisterna que se encontraba en un dep\u00f3sito ubicado a la altura del kil\u00f3metro 100 de la Ruta 9, en jurisdicci\u00f3n de Lima. Aparentemente, un desperfecto el\u00e9ctrico [&hellip;]<\/p>\n","protected":false},"author":4,"featured_media":92251,"comment_status":"open","ping_status":"closed","sticky":false,"template":"","format":"standard","meta":{"om_disable_all_campaigns":false,"_jetpack_memberships_contains_paid_content":false,"footnotes":""},"categories":[621],"tags":[],"class_list":["post-92250","post","type-post","status-publish","format-standard","has-post-thumbnail","hentry","category-regionales"],"aioseo_notices":[],"gutentor_comment":0,"jetpack_featured_media_url":"https:\/\/eldiariodesanpedro.com.ar\/sitio\/wp-content\/uploads\/2021\/05\/210509-24.jpg","jetpack_shortlink":"https:\/\/wp.me\/p6RhLt-nZU","jetpack_sharing_enabled":true,"_links":{"self":[{"href":"https:\/\/eldiariodesanpedro.com.ar\/sitio\/wp-json\/wp\/v2\/posts\/92250","targetHints":{"allow":["GET"]}}],"collection":[{"href":"https:\/\/eldiariodesanpedro.com.ar\/sitio\/wp-json\/wp\/v2\/posts"}],"about":[{"href":"https:\/\/eldiariodesanpedro.com.ar\/sitio\/wp-json\/wp\/v2\/types\/post"}],"author":[{"embeddable":true,"href":"https:\/\/eldiariodesanpedro.com.ar\/sitio\/wp-json\/wp\/v2\/users\/4"}],"replies":[{"embeddable":true,"href":"https:\/\/eldiariodesanpedro.com.ar\/sitio\/wp-json\/wp\/v2\/comments?post=92250"}],"version-history":[{"count":1,"href":"https:\/\/eldiariodesanpedro.com.ar\/sitio\/wp-json\/wp\/v2\/posts\/92250\/revisions"}],"predecessor-version":[{"id":92252,"href":"https:\/\/eldiariodesanpedro.com.ar\/sitio\/wp-json\/wp\/v2\/posts\/92250\/revisions\/92252"}],"wp:featuredmedia":[{"embeddable":true,"href":"https:\/\/eldiariodesanpedro.com.ar\/sitio\/wp-json\/wp\/v2\/media\/92251"}],"wp:attachment":[{"href":"https:\/\/eldiariodesanpedro.com.ar\/sitio\/wp-json\/wp\/v2\/media?parent=92250"}],"wp:term":[{"taxonomy":"category","embeddable":true,"href":"https:\/\/eldiariodesanpedro.com.ar\/sitio\/wp-json\/wp\/v2\/categories?post=92250"},{"taxonomy":"post_tag","embeddable":true,"href":"https:\/\/eldiariodesanpedro.com.ar\/sitio\/wp-json\/wp\/v2\/tags?post=92250"}],"curies":[{"name":"wp","href":"https:\/\/api.w.org\/{rel}","templated":true}]}}