{"id":92242,"date":"2021-05-09T18:33:25","date_gmt":"2021-05-09T21:33:25","guid":{"rendered":"https:\/\/eldiariodesanpedro.com.ar\/sitio\/?p=92242"},"modified":"2021-05-09T18:34:05","modified_gmt":"2021-05-09T21:34:05","slug":"ramallo-perez-millan-supero-los-100-positivos-de-covid","status":"publish","type":"post","link":"https:\/\/eldiariodesanpedro.com.ar\/sitio\/ramallo-perez-millan-supero-los-100-positivos-de-covid\/","title":{"rendered":"RAMALLO | P\u00e9rez Mill\u00e1n super\u00f3 los 100 positivos de covid"},"content":{"rendered":"<!-- VideographyWP Plugin Message: Automatic video embedding prevented by plugin options. -->\n\n<p>La \u00faltima actualizaci\u00f3n de datos epidemiol\u00f3gicos que se realiz\u00f3 este viernes 7 de mayo, arroj\u00f3 para P\u00e9rez Mill\u00e1n 101 casos positivos de covid 19. De ese total, 60 fueron hisopados y el resto se confirmaron por criterio cl\u00ednico. Adem\u00e1s, hay 358 personas aisladas.<\/p>\n\n\n\n<p>Durante la semana, atendiendo a la gran cantidad de contagiados, el gobierno local acord\u00f3 con el provincial el retroceso de fase de P\u00e9rez Mill\u00e1n por diez d\u00edas. Esto implica, entre otras medidas, que no se podr\u00e1n realizar reuniones sociales en domicilios particulares, la actividad comercial estar\u00e1 habilitada hasta las 20:00 hs, restaurantes y bares podr\u00e1n abrir hasta las 23:00 hs, y la restricci\u00f3n de actividades no esenciales y circulaci\u00f3n estar\u00e1 vedada desde las 00:00 hs. Tampoco se podr\u00e1n hacer deportes en espacios cerrados, ni misas. No podr\u00e1n abrir gimnasios y natatorios.<\/p>\n\n\n\n<p>Casos de covid en P\u00e9rez Mill\u00e1n informados por el municipio durante la \u00faltima semana: lunes, 10; martes, 21; mi\u00e9rcoles, 7; jueves, 18; viernes, 18.<\/p>\n\n\n\n<p>El pr\u00f3ximo lunes 10 de mayo, la Municipalidad de Ramallo y el gobierno de la provincia de Buenos Aires coordinar\u00e1n acciones para identificar casos sospechosos de COVID-19 para hisopar y aislar activamente.<\/p>\n\n\n\n<p>Fuente: <a href=\"https:\/\/www.metafm.com.ar\/nota\/perez-millan-supero-los-100-positivos-de-covid\/5106#\">Meta Fm<\/a><\/p>\n","protected":false},"excerpt":{"rendered":"<p>La \u00faltima actualizaci\u00f3n de datos epidemiol\u00f3gicos que se realiz\u00f3 este viernes 7 de mayo, arroj\u00f3 para P\u00e9rez Mill\u00e1n 101 casos positivos de covid 19. De ese total, 60 fueron hisopados y el resto se confirmaron por criterio cl\u00ednico. Adem\u00e1s, hay 358 personas aisladas. Durante la semana, atendiendo a la gran cantidad de contagiados, el gobierno [&hellip;]<\/p>\n","protected":false},"author":4,"featured_media":92243,"comment_status":"open","ping_status":"closed","sticky":false,"template":"","format":"standard","meta":{"om_disable_all_campaigns":false,"_jetpack_memberships_contains_paid_content":false,"footnotes":""},"categories":[621],"tags":[],"class_list":["post-92242","post","type-post","status-publish","format-standard","has-post-thumbnail","hentry","category-regionales"],"aioseo_notices":[],"gutentor_comment":0,"jetpack_featured_media_url":"https:\/\/eldiariodesanpedro.com.ar\/sitio\/wp-content\/uploads\/2021\/05\/16204942590.jpg","jetpack_shortlink":"https:\/\/wp.me\/p6RhLt-nZM","jetpack_sharing_enabled":true,"_links":{"self":[{"href":"https:\/\/eldiariodesanpedro.com.ar\/sitio\/wp-json\/wp\/v2\/posts\/92242","targetHints":{"allow":["GET"]}}],"collection":[{"href":"https:\/\/eldiariodesanpedro.com.ar\/sitio\/wp-json\/wp\/v2\/posts"}],"about":[{"href":"https:\/\/eldiariodesanpedro.com.ar\/sitio\/wp-json\/wp\/v2\/types\/post"}],"author":[{"embeddable":true,"href":"https:\/\/eldiariodesanpedro.com.ar\/sitio\/wp-json\/wp\/v2\/users\/4"}],"replies":[{"embeddable":true,"href":"https:\/\/eldiariodesanpedro.com.ar\/sitio\/wp-json\/wp\/v2\/comments?post=92242"}],"version-history":[{"count":2,"href":"https:\/\/eldiariodesanpedro.com.ar\/sitio\/wp-json\/wp\/v2\/posts\/92242\/revisions"}],"predecessor-version":[{"id":92246,"href":"https:\/\/eldiariodesanpedro.com.ar\/sitio\/wp-json\/wp\/v2\/posts\/92242\/revisions\/92246"}],"wp:featuredmedia":[{"embeddable":true,"href":"https:\/\/eldiariodesanpedro.com.ar\/sitio\/wp-json\/wp\/v2\/media\/92243"}],"wp:attachment":[{"href":"https:\/\/eldiariodesanpedro.com.ar\/sitio\/wp-json\/wp\/v2\/media?parent=92242"}],"wp:term":[{"taxonomy":"category","embeddable":true,"href":"https:\/\/eldiariodesanpedro.com.ar\/sitio\/wp-json\/wp\/v2\/categories?post=92242"},{"taxonomy":"post_tag","embeddable":true,"href":"https:\/\/eldiariodesanpedro.com.ar\/sitio\/wp-json\/wp\/v2\/tags?post=92242"}],"curies":[{"name":"wp","href":"https:\/\/api.w.org\/{rel}","templated":true}]}}