{"id":92238,"date":"2021-05-09T18:30:57","date_gmt":"2021-05-09T21:30:57","guid":{"rendered":"https:\/\/eldiariodesanpedro.com.ar\/sitio\/?p=92238"},"modified":"2021-05-09T18:31:01","modified_gmt":"2021-05-09T21:31:01","slug":"preparan-una-replica-del-fiat-128-con-el-que-el-pato-morresi-fue-campeon-en-1978","status":"publish","type":"post","link":"https:\/\/eldiariodesanpedro.com.ar\/sitio\/preparan-una-replica-del-fiat-128-con-el-que-el-pato-morresi-fue-campeon-en-1978\/","title":{"rendered":"Preparan una r\u00e9plica del Fiat 128 con el que \u201cEl Pato\u201d Morresi fue campe\u00f3n en 1978"},"content":{"rendered":"<!-- VideographyWP Plugin Message: Automatic video embedding prevented by plugin options. -->\n\n<p>Un grupo de dirigentes locales encabezado por Jorge Morresi, ya tienen todo listo para presentar un auto similar al que utiliz\u00f3 el recordado piloto sampedrino y con el que consigui\u00f3 el \u00fanico t\u00edtulo nacional.<\/p>\n\n\n\n<p>La figura de Osvaldo \u201cPato\u201d Morresi permanece inmortalizada en el sentimiento de los sampedrinos y los fan\u00e1ticos del automovilismo, pero siempre estuvieron los que sostienen que le faltaba un homenaje, y tiene que ver con el auto que el recordado piloto sampedrino obtuvo el \u00fanico t\u00edtulo que consigui\u00f3 en una categor\u00eda nacional.<\/p>\n\n\n\n<p>Es por eso que a trav\u00e9s de un grupo de dirigentes y amigos encabezados por Jorge Morresi, quien comparti\u00f3 muchos momentos junto al \u201cPato\u201d, lograron construir una r\u00e9plica del Fiat 128 para exponerla y mostrarla a quienes quieran apreciar el otro auto emblem\u00e1tico que utiliz\u00f3 el piloto.<\/p>\n\n\n\n<p>\u201cLa realidad es que luchamos para conseguir el original, viajamos mucho junto a Carlos Puig para encontrarlos, llegamos a ir hasta Paran\u00e1, pero realmente no era nada del auto, m\u00e1s all\u00e1 de que quien lo ten\u00eda nos dec\u00eda que era el auto\u201d, afirm\u00f3 Jorge Morresi en el aire de FM G\u00e9nesis.<\/p>\n\n\n\n<p>\u201cNos vinimos con las manos vac\u00edas pero m\u00e1s tarde conseguimos un auto donado por Mario Sacc\u00e1, a quien no lo tenemos m\u00e1s pero era un vecino muy querido, y me dijo te lo regalo\u201d, record\u00f3 Morresi. \u201cFue as\u00ed como decidimos realizar una r\u00e9plica y en eso estamos\u201d.<\/p>\n\n\n\n<p>\u201cLo reconstruimos todo, le hicimos chapa, ahora se lo est\u00e1 ploteando, y esperamos por el motor, que en principio lo empez\u00f3 a hacer Balestrini, porque Rafael me lo pidi\u00f3 para hacerlo \u00e9l, pero nunca lo entreg\u00f3, y ahora el hijastro de Mario M\u00e1rquez ha armado todo un motor para ponerle al auto. M\u00e1rquez fue el segundo preparador de ese auto porque el primero fue Balestrini\u201d, resalt\u00f3.<\/p>\n\n\n\n<p>\u201cHace rato que lo tenemos listo, pero es cuesti\u00f3n de tiempo, falta ponerle el motor y ya est\u00e1. Cuando lo tengamos ser\u00e1 expuesto en el museo\u201d. \u201cEse es el lugar en el que tiene que estar\u201d.<\/p>\n\n\n\n<p>\u201cAl auto se lo hizo a nuevo, est\u00e1 impecable\u201d, cont\u00f3 Jorge Morresi.<\/p>\n\n\n\n<p>El debut de Osvaldo Morresi en el automovilismo nacional fue en 1974 corriendo en Turismo Nacional. Convocado por Victor Guzzo, el sampedrino corri\u00f3 con un Fiat 128 IAVA preparado bajo reglamento T\u00e9cnico de Clase B, compitiendo con continuidad desde el a\u00f1o 1975. Pasaron cuatro a\u00f1os de aquella primera experiencia en Turismo Nacional hasta la obtenci\u00f3n de su \u00fanico t\u00edtulo en la categor\u00eda y en el deporte motor nacional en 1978. Para ello, gan\u00f3 cuatro competencias (Buenos Aires, Bah\u00eda Blanca, Las Flores y Buenos Aires) sobre un total de 49 carreras corridas.<\/p>\n\n\n\n<figure class=\"wp-block-image size-large\"><img decoding=\"async\" width=\"1024\" height=\"768\" data-attachment-id=\"92240\" data-permalink=\"https:\/\/eldiariodesanpedro.com.ar\/sitio\/preparan-una-replica-del-fiat-128-con-el-que-el-pato-morresi-fue-campeon-en-1978\/attachment\/000091322\/\" data-orig-file=\"https:\/\/eldiariodesanpedro.com.ar\/sitio\/wp-content\/uploads\/2021\/05\/000091322.jpg\" data-orig-size=\"1024,768\" data-comments-opened=\"1\" data-image-meta=\"{&quot;aperture&quot;:&quot;0&quot;,&quot;credit&quot;:&quot;&quot;,&quot;camera&quot;:&quot;&quot;,&quot;caption&quot;:&quot;&quot;,&quot;created_timestamp&quot;:&quot;0&quot;,&quot;copyright&quot;:&quot;&quot;,&quot;focal_length&quot;:&quot;0&quot;,&quot;iso&quot;:&quot;0&quot;,&quot;shutter_speed&quot;:&quot;0&quot;,&quot;title&quot;:&quot;&quot;,&quot;orientation&quot;:&quot;0&quot;}\" data-image-title=\"000091322\" data-image-description=\"\" data-image-caption=\"\" data-large-file=\"https:\/\/eldiariodesanpedro.com.ar\/sitio\/wp-content\/uploads\/2021\/05\/000091322.jpg\" data-src=\"https:\/\/eldiariodesanpedro.com.ar\/sitio\/wp-content\/uploads\/2021\/05\/000091322.jpg\" alt=\"\" class=\"wp-image-92240 lazyload\" data-srcset=\"https:\/\/eldiariodesanpedro.com.ar\/sitio\/wp-content\/uploads\/2021\/05\/000091322.jpg 1024w, https:\/\/eldiariodesanpedro.com.ar\/sitio\/wp-content\/uploads\/2021\/05\/000091322-300x225.jpg 300w, https:\/\/eldiariodesanpedro.com.ar\/sitio\/wp-content\/uploads\/2021\/05\/000091322-768x576.jpg 768w, https:\/\/eldiariodesanpedro.com.ar\/sitio\/wp-content\/uploads\/2021\/05\/000091322-500x375.jpg 500w\" data-sizes=\"(max-width: 1024px) 100vw, 1024px\" src=\"data:image\/svg+xml;base64,PHN2ZyB3aWR0aD0iMSIgaGVpZ2h0PSIxIiB4bWxucz0iaHR0cDovL3d3dy53My5vcmcvMjAwMC9zdmciPjwvc3ZnPg==\" style=\"--smush-placeholder-width: 1024px; --smush-placeholder-aspect-ratio: 1024\/768;\" \/><\/figure>\n\n\n\n<p>Fuente: <a href=\"https:\/\/www.sanpedroinforma.com.ar\/nota\/124175\/sociedad\/preparan-una-replica-del-fiat-128-con-el-que-el-pato-morresi-fue-campeon-en-1978.html\">San Pedro Informa<\/a><\/p>\n","protected":false},"excerpt":{"rendered":"<p>Un grupo de dirigentes locales encabezado por Jorge Morresi, ya tienen todo listo para presentar un auto similar al que utiliz\u00f3 el recordado piloto sampedrino y con el que consigui\u00f3 el \u00fanico t\u00edtulo nacional. La figura de Osvaldo \u201cPato\u201d Morresi permanece inmortalizada en el sentimiento de los sampedrinos y los fan\u00e1ticos del automovilismo, pero siempre [&hellip;]<\/p>\n","protected":false},"author":4,"featured_media":92239,"comment_status":"open","ping_status":"closed","sticky":false,"template":"","format":"standard","meta":{"om_disable_all_campaigns":false,"_jetpack_memberships_contains_paid_content":false,"footnotes":""},"categories":[101,2],"tags":[],"class_list":["post-92238","post","type-post","status-publish","format-standard","has-post-thumbnail","hentry","category-interes-general-locales","category-locales"],"aioseo_notices":[],"gutentor_comment":0,"jetpack_featured_media_url":"https:\/\/eldiariodesanpedro.com.ar\/sitio\/wp-content\/uploads\/2021\/05\/000091330.jpg","jetpack_shortlink":"https:\/\/wp.me\/p6RhLt-nZI","jetpack_sharing_enabled":true,"_links":{"self":[{"href":"https:\/\/eldiariodesanpedro.com.ar\/sitio\/wp-json\/wp\/v2\/posts\/92238","targetHints":{"allow":["GET"]}}],"collection":[{"href":"https:\/\/eldiariodesanpedro.com.ar\/sitio\/wp-json\/wp\/v2\/posts"}],"about":[{"href":"https:\/\/eldiariodesanpedro.com.ar\/sitio\/wp-json\/wp\/v2\/types\/post"}],"author":[{"embeddable":true,"href":"https:\/\/eldiariodesanpedro.com.ar\/sitio\/wp-json\/wp\/v2\/users\/4"}],"replies":[{"embeddable":true,"href":"https:\/\/eldiariodesanpedro.com.ar\/sitio\/wp-json\/wp\/v2\/comments?post=92238"}],"version-history":[{"count":1,"href":"https:\/\/eldiariodesanpedro.com.ar\/sitio\/wp-json\/wp\/v2\/posts\/92238\/revisions"}],"predecessor-version":[{"id":92241,"href":"https:\/\/eldiariodesanpedro.com.ar\/sitio\/wp-json\/wp\/v2\/posts\/92238\/revisions\/92241"}],"wp:featuredmedia":[{"embeddable":true,"href":"https:\/\/eldiariodesanpedro.com.ar\/sitio\/wp-json\/wp\/v2\/media\/92239"}],"wp:attachment":[{"href":"https:\/\/eldiariodesanpedro.com.ar\/sitio\/wp-json\/wp\/v2\/media?parent=92238"}],"wp:term":[{"taxonomy":"category","embeddable":true,"href":"https:\/\/eldiariodesanpedro.com.ar\/sitio\/wp-json\/wp\/v2\/categories?post=92238"},{"taxonomy":"post_tag","embeddable":true,"href":"https:\/\/eldiariodesanpedro.com.ar\/sitio\/wp-json\/wp\/v2\/tags?post=92238"}],"curies":[{"name":"wp","href":"https:\/\/api.w.org\/{rel}","templated":true}]}}