{"id":92235,"date":"2021-05-09T18:27:42","date_gmt":"2021-05-09T21:27:42","guid":{"rendered":"https:\/\/eldiariodesanpedro.com.ar\/sitio\/?p=92235"},"modified":"2021-05-09T18:27:47","modified_gmt":"2021-05-09T21:27:47","slug":"campana-coronavirus-comienza-la-vacunacion-en-mayores-de-40-en-provincia-de-buenos-aires","status":"publish","type":"post","link":"https:\/\/eldiariodesanpedro.com.ar\/sitio\/campana-coronavirus-comienza-la-vacunacion-en-mayores-de-40-en-provincia-de-buenos-aires\/","title":{"rendered":"CAMPANA | Coronavirus: Comienza la vacunaci\u00f3n en mayores de 40 en Provincia de Buenos Aires"},"content":{"rendered":"<!-- VideographyWP Plugin Message: Automatic video embedding prevented by plugin options. -->\n\n<p><strong>Se trata de Carlos Alberto Lorenzati, quien se desempe\u00f1\u00f3 como Sub Director de Control y Gesti\u00f3n, y luego pas\u00f3 a facturar como proveedor. \u201cEl Intendente Abella debe explicar a los vecinos por qu\u00e9 utiliz\u00f3 dinero de todos para pagar m\u00e1s de un mill\u00f3n de pesos, a un agente de inteligencia, por tareas que nadie puede explicar\u201d asegur\u00f3 la Presidenta del bloque de concejales del PJ-Frente de Todos, quien pidi\u00f3 que el hecho sea investigado por la Comisi\u00f3n bicameral de seguimiento de organismos de inteligencia del Congreso, y las Secretaria de DDHH de Naci\u00f3n y de la Provincia.<\/strong><\/p>\n\n\n\n<p>Una grave denuncia tom\u00f3 ayer estado parlamentario durante la sesi\u00f3n especial del Concejo Deliberante, a ra\u00edz de la contrataci\u00f3n efectuada por el Municipio de un integrante del Batallon 601 y ex agente de inteligencia, denunciado adem\u00e1s por su presunta participaci\u00f3n en delitos de lesa humanidad durante la \u00e9poca de la Dictadura Militar.<\/p>\n\n\n\n<p><strong>Se trata de Carlos Alberto Lorenzati, quien se desempe\u00f1\u00f3 como Sub Director de Control y Gesti\u00f3n, y luego pas\u00f3 a facturar como proveedor. \u201cEl Intendente Abella debe explicar a los vecinos por qu\u00e9 utiliz\u00f3 dinero de todos para pagar m\u00e1s de un mill\u00f3n de pesos, a un agente de inteligencia, por tareas que nadie puede explicar\u201d asegur\u00f3 la Presidenta del bloque de concejales del PJ-Frente de Todos, quien pidi\u00f3 que el hecho sea investigado por la Comisi\u00f3n bicameral de seguimiento de organismos de inteligencia del Congreso, y las Secretaria de DDHH de Naci\u00f3n y de la Provincia.<\/strong><\/p>\n\n\n\n<p>Una grave denuncia tom\u00f3 ayer estado parlamentario durante la sesi\u00f3n especial del Concejo Deliberante, a ra\u00edz de la contrataci\u00f3n efectuada por el Municipio de un integrante del Batallon 601 y ex agente de inteligencia, denunciado adem\u00e1s por su presunta participaci\u00f3n en delitos de lesa humanidad durante la \u00e9poca de la Dictadura Militar.<\/p>\n\n\n\n<p>Por su parte, la Presidenta del bloque de Concejales del PJ-Frente de Todos, Sol Calle, se refiri\u00f3 a Lorenzati como \u201ces mano de obra desocupada del dispositivo de espionaje macrista refugiado en el Gobierno de Abella, al cual le pagamos casi un mill\u00f3n de pesos por hacer inteligencia de no sabemos qu\u00e9 o qui\u00e9n\u201d.<\/p>\n\n\n\n<p>Calle pidi\u00f3 conformar una Comisi\u00f3n de Investigaci\u00f3n en el HCD, pero su propuesta no fue acompa\u00f1ada por el oficialismo. \u201cHan intentado decir que se trata de una confusi\u00f3n, mencionando a otra persona con un apellido similar. Carlos Alberto Lorenzatti, cuyo DNI comienza con 5 millones, y es un ex comisario de la Polic\u00eda Federal condenado a 25 a\u00f1os de prisi\u00f3n por delitos de lesa humanidad\u201d.<\/p>\n\n\n\n<p>\u201cLa persona contratada por el Municipio de Campana es Carlos Alberto Lorenzati, con una sola T\u201d agreg\u00f3 Calle, \u201cquien present\u00f3 dos documentos distintos en su Curr\u00edculum, uno con 8 millones, y otro con 17. \u00c9l fue se\u00f1alado en Rio Negro por familiares de desaparecidos, y en su expediente confirma que integr\u00f3 la SIDE entre 1999 y el 2005. \u00bfQu\u00e9 hace en Campana? \u00bfA qui\u00e9nes investiga? Declara que estudia el mercado de la producci\u00f3n y el trabajo, a qui\u00e9n investiga?\u00a0 \u00bfA los trabajadores, a empresarios? Este descubrimiento genera escalofr\u00edos en cualquier hombre o mujer de la Democracia\u201d.<\/p>\n\n\n\n<p>Por su parte, la Presidenta del bloque de Concejales del PJ-Frente de Todos, Sol Calle, se refiri\u00f3 a Lorenzati como \u201ces mano de obra desocupada del dispositivo de espionaje macrista refugiado en el Gobierno de Abella, al cual le pagamos casi un mill\u00f3n de pesos por hacer inteligencia de no sabemos qu\u00e9 o qui\u00e9n\u201d.<\/p>\n\n\n\n<p>Calle pidi\u00f3 conformar una Comisi\u00f3n de Investigaci\u00f3n en el HCD, pero su propuesta no fue acompa\u00f1ada por el oficialismo. \u201cHan intentado decir que se trata de una confusi\u00f3n, mencionando a otra persona con un apellido similar. Carlos Alberto Lorenzatti, cuyo DNI comienza con 5 millones, y es un ex comisario de la Polic\u00eda Federal condenado a 25 a\u00f1os de prisi\u00f3n por delitos de lesa humanidad\u201d.<\/p>\n\n\n\n<p>\u201cLa persona contratada por el Municipio de Campana es Carlos Alberto Lorenzati, con una sola T\u201d agreg\u00f3 Calle, \u201cquien present\u00f3 dos documentos distintos en su Curr\u00edculum, uno con 8 millones, y otro con 17. \u00c9l fue se\u00f1alado en Rio Negro por familiares de desaparecidos, y en su expediente confirma que integr\u00f3 la SIDE entre 1999 y el 2005. \u00bfQu\u00e9 hace en Campana? \u00bfA qui\u00e9nes investiga? Declara que estudia el mercado de la producci\u00f3n y el trabajo, a qui\u00e9n investiga?\u00a0 \u00bfA los trabajadores, a empresarios? Este descubrimiento genera escalofr\u00edos en cualquier hombre o mujer de la Democracia\u201d.<\/p>\n\n\n\n<p>Fuente: <a href=\"https:\/\/impactolocal.com.ar\/2021\/05\/08\/denuncian-que-un-ex-agente-de-la-side-fue-contratado-por-el-municipio\/\">Impacto Local<\/a><\/p>\n","protected":false},"excerpt":{"rendered":"<p>Se trata de Carlos Alberto Lorenzati, quien se desempe\u00f1\u00f3 como Sub Director de Control y Gesti\u00f3n, y luego pas\u00f3 a facturar como proveedor. \u201cEl Intendente Abella debe explicar a los vecinos por qu\u00e9 utiliz\u00f3 dinero de todos para pagar m\u00e1s de un mill\u00f3n de pesos, a un agente de inteligencia, por tareas que nadie puede [&hellip;]<\/p>\n","protected":false},"author":4,"featured_media":92236,"comment_status":"open","ping_status":"closed","sticky":false,"template":"","format":"standard","meta":{"om_disable_all_campaigns":false,"_jetpack_memberships_contains_paid_content":false,"footnotes":""},"categories":[621],"tags":[],"class_list":["post-92235","post","type-post","status-publish","format-standard","has-post-thumbnail","hentry","category-regionales"],"aioseo_notices":[],"gutentor_comment":0,"jetpack_featured_media_url":"https:\/\/eldiariodesanpedro.com.ar\/sitio\/wp-content\/uploads\/2021\/05\/agente-side.jpg","jetpack_shortlink":"https:\/\/wp.me\/p6RhLt-nZF","jetpack_sharing_enabled":true,"_links":{"self":[{"href":"https:\/\/eldiariodesanpedro.com.ar\/sitio\/wp-json\/wp\/v2\/posts\/92235","targetHints":{"allow":["GET"]}}],"collection":[{"href":"https:\/\/eldiariodesanpedro.com.ar\/sitio\/wp-json\/wp\/v2\/posts"}],"about":[{"href":"https:\/\/eldiariodesanpedro.com.ar\/sitio\/wp-json\/wp\/v2\/types\/post"}],"author":[{"embeddable":true,"href":"https:\/\/eldiariodesanpedro.com.ar\/sitio\/wp-json\/wp\/v2\/users\/4"}],"replies":[{"embeddable":true,"href":"https:\/\/eldiariodesanpedro.com.ar\/sitio\/wp-json\/wp\/v2\/comments?post=92235"}],"version-history":[{"count":1,"href":"https:\/\/eldiariodesanpedro.com.ar\/sitio\/wp-json\/wp\/v2\/posts\/92235\/revisions"}],"predecessor-version":[{"id":92237,"href":"https:\/\/eldiariodesanpedro.com.ar\/sitio\/wp-json\/wp\/v2\/posts\/92235\/revisions\/92237"}],"wp:featuredmedia":[{"embeddable":true,"href":"https:\/\/eldiariodesanpedro.com.ar\/sitio\/wp-json\/wp\/v2\/media\/92236"}],"wp:attachment":[{"href":"https:\/\/eldiariodesanpedro.com.ar\/sitio\/wp-json\/wp\/v2\/media?parent=92235"}],"wp:term":[{"taxonomy":"category","embeddable":true,"href":"https:\/\/eldiariodesanpedro.com.ar\/sitio\/wp-json\/wp\/v2\/categories?post=92235"},{"taxonomy":"post_tag","embeddable":true,"href":"https:\/\/eldiariodesanpedro.com.ar\/sitio\/wp-json\/wp\/v2\/tags?post=92235"}],"curies":[{"name":"wp","href":"https:\/\/api.w.org\/{rel}","templated":true}]}}