{"id":92232,"date":"2021-05-09T18:23:22","date_gmt":"2021-05-09T21:23:22","guid":{"rendered":"https:\/\/eldiariodesanpedro.com.ar\/sitio\/?p=92232"},"modified":"2021-05-09T18:23:26","modified_gmt":"2021-05-09T21:23:26","slug":"coronavirus-comienza-la-vacunacion-en-mayores-de-40-en-provincia-de-buenos-aires","status":"publish","type":"post","link":"https:\/\/eldiariodesanpedro.com.ar\/sitio\/coronavirus-comienza-la-vacunacion-en-mayores-de-40-en-provincia-de-buenos-aires\/","title":{"rendered":"Coronavirus: Comienza la vacunaci\u00f3n en mayores de 40 en Provincia de Buenos Aires"},"content":{"rendered":"<!-- VideographyWP Plugin Message: Automatic video embedding prevented by plugin options. -->\n\n<p><strong>Daniel Goll\u00e1n<\/strong>, ministro de Salud bonaerense, inform\u00f3 que&nbsp;se abrieron nuevos turnos para vacunar a las personas mayores de 40 a\u00f1os con alguna&nbsp;comorbilidad&nbsp;y los mayores de 60 a\u00f1os sin enfermedades en&nbsp;la Provincia de Buenos Aires.<\/p>\n\n\n\n<p><em>\u201cAcaban de enviarse 156 mil nuevos turnos para la vacunaci\u00f3n, correspondientes a primeras dosis para mayores de 60 sin enfermedades y mayores de 40 a\u00f1os con comorbilidades\u201d<\/em>, inform\u00f3 hoy el ministro de Salud bonaerense.<\/p>\n\n\n\n<p>En esa l\u00ednea, el gobernador&nbsp;<strong>Axel Kicillof&nbsp;<\/strong>notific\u00f3 ayer:&nbsp;<em>\u201cLa provincia comienza oficialmente a inmunizar a los bonaerenses mayores de 40 a\u00f1os que presentan enfermedades de base y a todos los bonaerenses mayores de 60\u201d,<\/em>&nbsp;expres\u00f3.<\/p>\n\n\n\n<p>El titular de la cartera de salud bonaerense tambi\u00e9n comunic\u00f3 que&nbsp;la&nbsp;Provincia de Buenos Aires incorpor\u00f3&nbsp;250 nuevas camas de terapia intensiva para enfrentar la segunda ola a la vez que celebr\u00f3 haber superado la franja de los tres millones de bonaerenses inmunizados.<\/p>\n","protected":false},"excerpt":{"rendered":"<p>Daniel Goll\u00e1n, ministro de Salud bonaerense, inform\u00f3 que&nbsp;se abrieron nuevos turnos para vacunar a las personas mayores de 40 a\u00f1os con alguna&nbsp;comorbilidad&nbsp;y los mayores de 60 a\u00f1os sin enfermedades en&nbsp;la Provincia de Buenos Aires. \u201cAcaban de enviarse 156 mil nuevos turnos para la vacunaci\u00f3n, correspondientes a primeras dosis para mayores de 60 sin enfermedades y [&hellip;]<\/p>\n","protected":false},"author":4,"featured_media":92233,"comment_status":"open","ping_status":"closed","sticky":false,"template":"","format":"standard","meta":{"om_disable_all_campaigns":false,"_jetpack_memberships_contains_paid_content":false,"footnotes":""},"categories":[621],"tags":[],"class_list":["post-92232","post","type-post","status-publish","format-standard","has-post-thumbnail","hentry","category-regionales"],"aioseo_notices":[],"gutentor_comment":0,"jetpack_featured_media_url":"https:\/\/eldiariodesanpedro.com.ar\/sitio\/wp-content\/uploads\/2021\/05\/vacuna-covid-zarate.jpg","jetpack_shortlink":"https:\/\/wp.me\/p6RhLt-nZC","jetpack_sharing_enabled":true,"_links":{"self":[{"href":"https:\/\/eldiariodesanpedro.com.ar\/sitio\/wp-json\/wp\/v2\/posts\/92232","targetHints":{"allow":["GET"]}}],"collection":[{"href":"https:\/\/eldiariodesanpedro.com.ar\/sitio\/wp-json\/wp\/v2\/posts"}],"about":[{"href":"https:\/\/eldiariodesanpedro.com.ar\/sitio\/wp-json\/wp\/v2\/types\/post"}],"author":[{"embeddable":true,"href":"https:\/\/eldiariodesanpedro.com.ar\/sitio\/wp-json\/wp\/v2\/users\/4"}],"replies":[{"embeddable":true,"href":"https:\/\/eldiariodesanpedro.com.ar\/sitio\/wp-json\/wp\/v2\/comments?post=92232"}],"version-history":[{"count":1,"href":"https:\/\/eldiariodesanpedro.com.ar\/sitio\/wp-json\/wp\/v2\/posts\/92232\/revisions"}],"predecessor-version":[{"id":92234,"href":"https:\/\/eldiariodesanpedro.com.ar\/sitio\/wp-json\/wp\/v2\/posts\/92232\/revisions\/92234"}],"wp:featuredmedia":[{"embeddable":true,"href":"https:\/\/eldiariodesanpedro.com.ar\/sitio\/wp-json\/wp\/v2\/media\/92233"}],"wp:attachment":[{"href":"https:\/\/eldiariodesanpedro.com.ar\/sitio\/wp-json\/wp\/v2\/media?parent=92232"}],"wp:term":[{"taxonomy":"category","embeddable":true,"href":"https:\/\/eldiariodesanpedro.com.ar\/sitio\/wp-json\/wp\/v2\/categories?post=92232"},{"taxonomy":"post_tag","embeddable":true,"href":"https:\/\/eldiariodesanpedro.com.ar\/sitio\/wp-json\/wp\/v2\/tags?post=92232"}],"curies":[{"name":"wp","href":"https:\/\/api.w.org\/{rel}","templated":true}]}}