{"id":92228,"date":"2021-05-09T18:20:19","date_gmt":"2021-05-09T21:20:19","guid":{"rendered":"https:\/\/eldiariodesanpedro.com.ar\/sitio\/?p=92228"},"modified":"2021-05-09T18:20:39","modified_gmt":"2021-05-09T21:20:39","slug":"campana-un-vecino-de-campana-corrio-hasta-cronica-tv-para-hacer-un-reclamo","status":"publish","type":"post","link":"https:\/\/eldiariodesanpedro.com.ar\/sitio\/campana-un-vecino-de-campana-corrio-hasta-cronica-tv-para-hacer-un-reclamo\/","title":{"rendered":"CAMPANA | Un vecino de Campana corri\u00f3 hasta Cr\u00f3nica TV para hacer un reclamo"},"content":{"rendered":"<!-- VideographyWP Plugin Message: Automatic video embedding prevented by plugin options. -->\n\n<p><strong>Juan Torres, fue presentado en la pantalla de Cr\u00f3nica como el \u201cEl Forrest Gump de Campana\u201d, ya que asegur\u00f3 que corri\u00f3 m\u00e1s de 80 kil\u00f3metros \u201cpara que no lo mataran\u201d.<\/strong><\/p>\n\n\n\n<p>\u201cSu familia lo estaf\u00f3 por 40 mil d\u00f3lares\u201d. \u201cSus padres son umbandas y lo odian desde chiquito\u201d, se le\u00eda una y otra vez en las tradicionales placas rojas del canal, mientras el joven campanense relataba su drama en vivo y en directo desde la puerta del canal situado en Garay y Azopardo, en Capital Federal.<\/p>\n\n\n\n<p>\u201cEstoy cansado. No tengo DNI y tuve que hacer el camino por las v\u00edas del tren para poder llegar\u201d, afirm\u00f3 Juan al tiempo que revel\u00f3 que su familia y su abogada lo enga\u00f1aron y le robaron 40 mil d\u00f3lares de una indemnizaci\u00f3n que cobr\u00f3 tras ser despedido de una refiner\u00eda.<\/p>\n\n\n\n<p>\u201cEs mi familia en los papeles porque me cri\u00f3 mis abuelos. Desde que tengo uso de raz\u00f3n la pas\u00e9 mal. Yo quiero ser bomberos para ayudar a la gente y ellos hacen todo lo contrario\u201d, coment\u00f3<\/p>\n\n\n\n<p>El joven estuvo en pantalla por m\u00e1s de una hora narrando peripecias familiares y hasta dio detalles de su vida intima. Tambi\u00e9n hubo tiempo para la confrontaci\u00f3n y denuncias cruzadas de vecinos que se comunicaban con la producci\u00f3n para asegurar que era \u201cviolento\u201d y ten\u00eda causas iniciadas por agresi\u00f3n f\u00edsica.<\/p>\n\n\n\n<p>Fue un ida y vuelta con los periodistas y conductores del programa \u201cCr\u00f3nica Noticias S\u00e1bado\u201d Augusto Pomar y Amira Hidalgo que intentaron desenmara\u00f1ar los hechos y escuchar todas las campanas del caso.<\/p>\n\n\n\n<p>Fuente: <a href=\"https:\/\/impactolocal.com.ar\/2021\/05\/09\/un-vecino-de-campana-corrio-hasta-cronica-tv-para-hacer-un-reclamo\/\">Impacto Local<\/a><\/p>\n","protected":false},"excerpt":{"rendered":"<p>Juan Torres, fue presentado en la pantalla de Cr\u00f3nica como el \u201cEl Forrest Gump de Campana\u201d, ya que asegur\u00f3 que corri\u00f3 m\u00e1s de 80 kil\u00f3metros \u201cpara que no lo mataran\u201d. \u201cSu familia lo estaf\u00f3 por 40 mil d\u00f3lares\u201d. \u201cSus padres son umbandas y lo odian desde chiquito\u201d, se le\u00eda una y otra vez en las [&hellip;]<\/p>\n","protected":false},"author":4,"featured_media":92229,"comment_status":"open","ping_status":"closed","sticky":false,"template":"","format":"standard","meta":{"om_disable_all_campaigns":false,"_jetpack_memberships_contains_paid_content":false,"footnotes":""},"categories":[621],"tags":[],"class_list":["post-92228","post","type-post","status-publish","format-standard","has-post-thumbnail","hentry","category-regionales"],"aioseo_notices":[],"gutentor_comment":0,"jetpack_featured_media_url":"https:\/\/eldiariodesanpedro.com.ar\/sitio\/wp-content\/uploads\/2021\/05\/vecino-de-campana-reclama-en-cronica.jpg","jetpack_shortlink":"https:\/\/wp.me\/p6RhLt-nZy","jetpack_sharing_enabled":true,"_links":{"self":[{"href":"https:\/\/eldiariodesanpedro.com.ar\/sitio\/wp-json\/wp\/v2\/posts\/92228","targetHints":{"allow":["GET"]}}],"collection":[{"href":"https:\/\/eldiariodesanpedro.com.ar\/sitio\/wp-json\/wp\/v2\/posts"}],"about":[{"href":"https:\/\/eldiariodesanpedro.com.ar\/sitio\/wp-json\/wp\/v2\/types\/post"}],"author":[{"embeddable":true,"href":"https:\/\/eldiariodesanpedro.com.ar\/sitio\/wp-json\/wp\/v2\/users\/4"}],"replies":[{"embeddable":true,"href":"https:\/\/eldiariodesanpedro.com.ar\/sitio\/wp-json\/wp\/v2\/comments?post=92228"}],"version-history":[{"count":2,"href":"https:\/\/eldiariodesanpedro.com.ar\/sitio\/wp-json\/wp\/v2\/posts\/92228\/revisions"}],"predecessor-version":[{"id":92231,"href":"https:\/\/eldiariodesanpedro.com.ar\/sitio\/wp-json\/wp\/v2\/posts\/92228\/revisions\/92231"}],"wp:featuredmedia":[{"embeddable":true,"href":"https:\/\/eldiariodesanpedro.com.ar\/sitio\/wp-json\/wp\/v2\/media\/92229"}],"wp:attachment":[{"href":"https:\/\/eldiariodesanpedro.com.ar\/sitio\/wp-json\/wp\/v2\/media?parent=92228"}],"wp:term":[{"taxonomy":"category","embeddable":true,"href":"https:\/\/eldiariodesanpedro.com.ar\/sitio\/wp-json\/wp\/v2\/categories?post=92228"},{"taxonomy":"post_tag","embeddable":true,"href":"https:\/\/eldiariodesanpedro.com.ar\/sitio\/wp-json\/wp\/v2\/tags?post=92228"}],"curies":[{"name":"wp","href":"https:\/\/api.w.org\/{rel}","templated":true}]}}