{"id":92225,"date":"2021-05-09T18:17:57","date_gmt":"2021-05-09T21:17:57","guid":{"rendered":"https:\/\/eldiariodesanpedro.com.ar\/sitio\/?p=92225"},"modified":"2021-05-09T18:18:03","modified_gmt":"2021-05-09T21:18:03","slug":"zarate-encontraron-muerto-a-un-vecino-en-el-medio-de-una-calle","status":"publish","type":"post","link":"https:\/\/eldiariodesanpedro.com.ar\/sitio\/zarate-encontraron-muerto-a-un-vecino-en-el-medio-de-una-calle\/","title":{"rendered":"Z\u00c1RATE | Encontraron muerto a un vecino en el medio de una calle"},"content":{"rendered":"<!-- VideographyWP Plugin Message: Automatic video embedding prevented by plugin options. -->\n\n<p>Ocurri\u00f3 de madrugada en calle Guido Spano entre Espa\u00f1a y Saavedra, en Z\u00e1rate.<\/p>\n\n\n\n<p>El cuerpo de un vecino fue encontrado por vecinos en el medio de la calle, sin ning\u00fan tipo de identificaci\u00f3n personal. M\u00e9dicos del SEMU constataron su fallecimiento.<\/p>\n\n\n\n<p>En el lugar Polic\u00eda Cient\u00edfica, Comisar\u00eda 1ra, Comando Patrulla y el instructor judicial Dr. Fabi\u00e1n Ram\u00edrez de la UFI n\u00b0 7.<\/p>\n\n\n\n<p>Fuente: <a href=\"https:\/\/www.enlacecritico.com\/destacados\/encontraron-muerto-a-un-vecino-en-el-medio-de-una-calle\/\">Enlace Critico<\/a><\/p>\n","protected":false},"excerpt":{"rendered":"<p>Ocurri\u00f3 de madrugada en calle Guido Spano entre Espa\u00f1a y Saavedra, en Z\u00e1rate. El cuerpo de un vecino fue encontrado por vecinos en el medio de la calle, sin ning\u00fan tipo de identificaci\u00f3n personal. M\u00e9dicos del SEMU constataron su fallecimiento. En el lugar Polic\u00eda Cient\u00edfica, Comisar\u00eda 1ra, Comando Patrulla y el instructor judicial Dr. Fabi\u00e1n [&hellip;]<\/p>\n","protected":false},"author":4,"featured_media":92226,"comment_status":"open","ping_status":"closed","sticky":false,"template":"","format":"standard","meta":{"om_disable_all_campaigns":false,"_jetpack_memberships_contains_paid_content":false,"footnotes":""},"categories":[621],"tags":[],"class_list":["post-92225","post","type-post","status-publish","format-standard","has-post-thumbnail","hentry","category-regionales"],"aioseo_notices":[],"gutentor_comment":0,"jetpack_featured_media_url":"https:\/\/eldiariodesanpedro.com.ar\/sitio\/wp-content\/uploads\/2021\/05\/IMG_20210509_084522.jpg","jetpack_shortlink":"https:\/\/wp.me\/p6RhLt-nZv","jetpack_sharing_enabled":true,"_links":{"self":[{"href":"https:\/\/eldiariodesanpedro.com.ar\/sitio\/wp-json\/wp\/v2\/posts\/92225","targetHints":{"allow":["GET"]}}],"collection":[{"href":"https:\/\/eldiariodesanpedro.com.ar\/sitio\/wp-json\/wp\/v2\/posts"}],"about":[{"href":"https:\/\/eldiariodesanpedro.com.ar\/sitio\/wp-json\/wp\/v2\/types\/post"}],"author":[{"embeddable":true,"href":"https:\/\/eldiariodesanpedro.com.ar\/sitio\/wp-json\/wp\/v2\/users\/4"}],"replies":[{"embeddable":true,"href":"https:\/\/eldiariodesanpedro.com.ar\/sitio\/wp-json\/wp\/v2\/comments?post=92225"}],"version-history":[{"count":1,"href":"https:\/\/eldiariodesanpedro.com.ar\/sitio\/wp-json\/wp\/v2\/posts\/92225\/revisions"}],"predecessor-version":[{"id":92227,"href":"https:\/\/eldiariodesanpedro.com.ar\/sitio\/wp-json\/wp\/v2\/posts\/92225\/revisions\/92227"}],"wp:featuredmedia":[{"embeddable":true,"href":"https:\/\/eldiariodesanpedro.com.ar\/sitio\/wp-json\/wp\/v2\/media\/92226"}],"wp:attachment":[{"href":"https:\/\/eldiariodesanpedro.com.ar\/sitio\/wp-json\/wp\/v2\/media?parent=92225"}],"wp:term":[{"taxonomy":"category","embeddable":true,"href":"https:\/\/eldiariodesanpedro.com.ar\/sitio\/wp-json\/wp\/v2\/categories?post=92225"},{"taxonomy":"post_tag","embeddable":true,"href":"https:\/\/eldiariodesanpedro.com.ar\/sitio\/wp-json\/wp\/v2\/tags?post=92225"}],"curies":[{"name":"wp","href":"https:\/\/api.w.org\/{rel}","templated":true}]}}