{"id":92222,"date":"2021-05-09T18:14:57","date_gmt":"2021-05-09T21:14:57","guid":{"rendered":"https:\/\/eldiariodesanpedro.com.ar\/sitio\/?p=92222"},"modified":"2021-05-09T18:15:02","modified_gmt":"2021-05-09T21:15:02","slug":"para-daniel-gollan-podria-haber-una-vuelta-a-una-mayor-normalidad-hacia-el-ultimo-trimestre-del-ano","status":"publish","type":"post","link":"https:\/\/eldiariodesanpedro.com.ar\/sitio\/para-daniel-gollan-podria-haber-una-vuelta-a-una-mayor-normalidad-hacia-el-ultimo-trimestre-del-ano\/","title":{"rendered":"Para Daniel Gollan podr\u00eda haber \u00abuna vuelta a una mayor normalidad\u00bb hacia el \u00faltimo trimestre del a\u00f1o"},"content":{"rendered":"<!-- VideographyWP Plugin Message: Automatic video embedding prevented by plugin options. -->\n\n<p>El Ministro de Salud bonaerense, Daniel Gollan, se refiri\u00f3 a las restricciones impuestas por el avance de la segunda ola de coronavirus en la Argentina y sostuvo que hacia el \u00faltimo trimestre del a\u00f1o podr\u00eda haber una \u00abmayor normalidad\u00bb.<\/p>\n\n\n\n<p>Daniel Gollan, se refiri\u00f3 a las restricciones impuestas por el avance de la segunda ola de coronavirus en la Argentina y sostuvo que hacia el \u00faltimo trimestre del a\u00f1o podr\u00eda haber una \u00abmayor normalidad\u00bb.<\/p>\n\n\n\n<p>\u00abEsperemos que hacia el \u00faltimo trimestre del a\u00f1o nos encontremos ante una situaci\u00f3n de vuelta a una mayor normalidad\u00bb, sostuvo durante una entrevista con Perfil y aclar\u00f3 que ser\u00e1n menores a medida que avance la campa\u00f1a de vacunaci\u00f3n contra el coronavirus.<\/p>\n\n\n\n<p>El ministro de Salud bonaerense se refiri\u00f3 al modelo de restricciones en la Provincia: \u00abSe adopt\u00f3 la estrategia implementada en pa\u00edses como Alemania, Israel y Nueva York, donde la apertura y cierre de actividades depende de la evoluci\u00f3n de la situaci\u00f3n epidemiol\u00f3gica\u00bb.<\/p>\n\n\n\n<p>Por otra parte, indic\u00f3 que las autoridades sanitarias esperaban que los casos se elevaron con la llegada del invierno, pero aclar\u00f3 que la suba \u00abempez\u00f3 un mes y pico antes\u00bb debido a que \u00abse metieron variantes mucho m\u00e1s contagiosas\u00bb que circulan hasta \u00absiete veces m\u00e1s que el virus original\u00bb.<\/p>\n\n\n\n<p>Finalmente, Gollan admiti\u00f3 que las medidas estrictas continuar\u00e1n un tiempo m\u00e1s para \u00abevitar la circulaci\u00f3n viral y vacunar\u00bb.<\/p>\n","protected":false},"excerpt":{"rendered":"<p>El Ministro de Salud bonaerense, Daniel Gollan, se refiri\u00f3 a las restricciones impuestas por el avance de la segunda ola de coronavirus en la Argentina y sostuvo que hacia el \u00faltimo trimestre del a\u00f1o podr\u00eda haber una \u00abmayor normalidad\u00bb. Daniel Gollan, se refiri\u00f3 a las restricciones impuestas por el avance de la segunda ola de [&hellip;]<\/p>\n","protected":false},"author":4,"featured_media":92223,"comment_status":"open","ping_status":"closed","sticky":false,"template":"","format":"standard","meta":{"om_disable_all_campaigns":false,"_jetpack_memberships_contains_paid_content":false,"footnotes":""},"categories":[621],"tags":[],"class_list":["post-92222","post","type-post","status-publish","format-standard","has-post-thumbnail","hentry","category-regionales"],"aioseo_notices":[],"gutentor_comment":0,"jetpack_featured_media_url":"https:\/\/eldiariodesanpedro.com.ar\/sitio\/wp-content\/uploads\/2021\/05\/gollanjpg_658x400.jpg","jetpack_shortlink":"https:\/\/wp.me\/p6RhLt-nZs","jetpack_sharing_enabled":true,"_links":{"self":[{"href":"https:\/\/eldiariodesanpedro.com.ar\/sitio\/wp-json\/wp\/v2\/posts\/92222","targetHints":{"allow":["GET"]}}],"collection":[{"href":"https:\/\/eldiariodesanpedro.com.ar\/sitio\/wp-json\/wp\/v2\/posts"}],"about":[{"href":"https:\/\/eldiariodesanpedro.com.ar\/sitio\/wp-json\/wp\/v2\/types\/post"}],"author":[{"embeddable":true,"href":"https:\/\/eldiariodesanpedro.com.ar\/sitio\/wp-json\/wp\/v2\/users\/4"}],"replies":[{"embeddable":true,"href":"https:\/\/eldiariodesanpedro.com.ar\/sitio\/wp-json\/wp\/v2\/comments?post=92222"}],"version-history":[{"count":1,"href":"https:\/\/eldiariodesanpedro.com.ar\/sitio\/wp-json\/wp\/v2\/posts\/92222\/revisions"}],"predecessor-version":[{"id":92224,"href":"https:\/\/eldiariodesanpedro.com.ar\/sitio\/wp-json\/wp\/v2\/posts\/92222\/revisions\/92224"}],"wp:featuredmedia":[{"embeddable":true,"href":"https:\/\/eldiariodesanpedro.com.ar\/sitio\/wp-json\/wp\/v2\/media\/92223"}],"wp:attachment":[{"href":"https:\/\/eldiariodesanpedro.com.ar\/sitio\/wp-json\/wp\/v2\/media?parent=92222"}],"wp:term":[{"taxonomy":"category","embeddable":true,"href":"https:\/\/eldiariodesanpedro.com.ar\/sitio\/wp-json\/wp\/v2\/categories?post=92222"},{"taxonomy":"post_tag","embeddable":true,"href":"https:\/\/eldiariodesanpedro.com.ar\/sitio\/wp-json\/wp\/v2\/tags?post=92222"}],"curies":[{"name":"wp","href":"https:\/\/api.w.org\/{rel}","templated":true}]}}