{"id":92214,"date":"2021-05-09T17:03:22","date_gmt":"2021-05-09T20:03:22","guid":{"rendered":"https:\/\/eldiariodesanpedro.com.ar\/sitio\/?p=92214"},"modified":"2021-05-09T17:03:26","modified_gmt":"2021-05-09T20:03:26","slug":"denuncian-que-un-hombre-de-40-anos-se-fugo-con-una-menor-de-16","status":"publish","type":"post","link":"https:\/\/eldiariodesanpedro.com.ar\/sitio\/denuncian-que-un-hombre-de-40-anos-se-fugo-con-una-menor-de-16\/","title":{"rendered":"Denuncian que un hombre de 40 a\u00f1os se fug\u00f3 con una menor de 16"},"content":{"rendered":"<!-- VideographyWP Plugin Message: Automatic video embedding prevented by plugin options. -->\n\n<p>Fue un t\u00edo de la menor quien radic\u00f3 la denuncia quien est\u00e1 a cargo de la menor que vive en R\u00edo Tala. Asegur\u00f3 que ambos mantendr\u00edan una estrecha relaci\u00f3n.\u00a0\u00a0<\/p>\n\n\n\n<p>Desde la Comisar\u00eda de nuestra ciudad se solicit\u00f3 la divulgaci\u00f3n de los datos y las im\u00e1genes de dos personas de las que se desconoce su paradero pero por los datos brindados se tratar\u00eda de una situaci\u00f3n consensuada por la estrecha relaci\u00f3n que los involucrados mantendr\u00eda.<\/p>\n\n\n\n<p>Lo preocupante es que el responsable ser\u00eda un hombre llamado&nbsp;Ariel Maciel, de 40 a\u00f1os, y su sobrina&nbsp;Loana Jesabel Godoy de tan solo 16.<\/p>\n\n\n\n<p>Ambos se habr\u00edan marchado a bordo de una camioneta VW Amarok&nbsp;blanca, dominio&nbsp;LLR 121, la cual posee un ploteado con la inscripci\u00f3n de la empresa del hombre mayor,&nbsp;\u201cAriel y Pablo Maciel, alisado de pisos con m\u00e1quina industrial\u201d,<\/p>\n\n\n\n<p>Loana Godoy es de contextura f\u00edsica mediana, mide 1,55 metros de estatura, posee pelo lacio largo color casta\u00f1o claro y ojos marrones oscuros.<\/p>\n\n\n\n<p>Ariel Maciel por su parte, es de contextura robusta, de 1,58 mts. de altura, de tez morena, ojos color marr\u00f3n claro, cabello casta\u00f1o oscuro, tiene un lunar en una mejilla izquierda, posee tatuaje en hombro de drag\u00f3n con dos cabezas y otro en la cara interna del antebrazo derecho.<\/p>\n\n\n\n<p>Adem\u00e1s, al momento de retirarse del domicilio, la joven vest\u00eda un pantal\u00f3n de jeans, una campera tipo parca de color verde oscuro y zapatillas blancas, no llevaba su DNI, como as\u00ed tampoco pertenencias.<\/p>\n\n\n\n<p>La denuncia fue radicada por un hermano de la chica, cuyos padres fallecieron y se encuentra al cuidado de su abuela. Interviene la fiscal\u00eda de la Dra. Viviana Ramos.&nbsp;<\/p>\n\n\n\n<p>Cualquier informaci\u00f3n comunicarse al 425221 o 425788.\u00a0\u00a0<\/p>\n\n\n\n<p>Fuente: <a href=\"https:\/\/www.sanpedroinforma.com.ar\/nota\/124178\/interes-general\/denuncian-que-un-hombre-de-40-anos-se-fugo-con-una-menor-de-16.html\">San Pedro Informa<\/a><\/p>\n","protected":false},"excerpt":{"rendered":"<p>Fue un t\u00edo de la menor quien radic\u00f3 la denuncia quien est\u00e1 a cargo de la menor que vive en R\u00edo Tala. Asegur\u00f3 que ambos mantendr\u00edan una estrecha relaci\u00f3n.\u00a0\u00a0 Desde la Comisar\u00eda de nuestra ciudad se solicit\u00f3 la divulgaci\u00f3n de los datos y las im\u00e1genes de dos personas de las que se desconoce su paradero [&hellip;]<\/p>\n","protected":false},"author":4,"featured_media":92215,"comment_status":"open","ping_status":"closed","sticky":false,"template":"","format":"standard","meta":{"om_disable_all_campaigns":false,"_jetpack_memberships_contains_paid_content":false,"footnotes":""},"categories":[50,2,103],"tags":[],"class_list":["post-92214","post","type-post","status-publish","format-standard","has-post-thumbnail","hentry","category-destacadas","category-locales","category-policiales-locales"],"aioseo_notices":[],"gutentor_comment":0,"jetpack_featured_media_url":"https:\/\/eldiariodesanpedro.com.ar\/sitio\/wp-content\/uploads\/2021\/05\/000091354.jpg","jetpack_shortlink":"https:\/\/wp.me\/p6RhLt-nZk","jetpack_sharing_enabled":true,"_links":{"self":[{"href":"https:\/\/eldiariodesanpedro.com.ar\/sitio\/wp-json\/wp\/v2\/posts\/92214","targetHints":{"allow":["GET"]}}],"collection":[{"href":"https:\/\/eldiariodesanpedro.com.ar\/sitio\/wp-json\/wp\/v2\/posts"}],"about":[{"href":"https:\/\/eldiariodesanpedro.com.ar\/sitio\/wp-json\/wp\/v2\/types\/post"}],"author":[{"embeddable":true,"href":"https:\/\/eldiariodesanpedro.com.ar\/sitio\/wp-json\/wp\/v2\/users\/4"}],"replies":[{"embeddable":true,"href":"https:\/\/eldiariodesanpedro.com.ar\/sitio\/wp-json\/wp\/v2\/comments?post=92214"}],"version-history":[{"count":1,"href":"https:\/\/eldiariodesanpedro.com.ar\/sitio\/wp-json\/wp\/v2\/posts\/92214\/revisions"}],"predecessor-version":[{"id":92216,"href":"https:\/\/eldiariodesanpedro.com.ar\/sitio\/wp-json\/wp\/v2\/posts\/92214\/revisions\/92216"}],"wp:featuredmedia":[{"embeddable":true,"href":"https:\/\/eldiariodesanpedro.com.ar\/sitio\/wp-json\/wp\/v2\/media\/92215"}],"wp:attachment":[{"href":"https:\/\/eldiariodesanpedro.com.ar\/sitio\/wp-json\/wp\/v2\/media?parent=92214"}],"wp:term":[{"taxonomy":"category","embeddable":true,"href":"https:\/\/eldiariodesanpedro.com.ar\/sitio\/wp-json\/wp\/v2\/categories?post=92214"},{"taxonomy":"post_tag","embeddable":true,"href":"https:\/\/eldiariodesanpedro.com.ar\/sitio\/wp-json\/wp\/v2\/tags?post=92214"}],"curies":[{"name":"wp","href":"https:\/\/api.w.org\/{rel}","templated":true}]}}