{"id":92202,"date":"2021-05-08T12:09:32","date_gmt":"2021-05-08T15:09:32","guid":{"rendered":"https:\/\/eldiariodesanpedro.com.ar\/sitio\/?p=92202"},"modified":"2021-05-08T12:09:37","modified_gmt":"2021-05-08T15:09:37","slug":"campana-obispos-consideran-desproporcionadas-las-restricciones-a-las-misas","status":"publish","type":"post","link":"https:\/\/eldiariodesanpedro.com.ar\/sitio\/campana-obispos-consideran-desproporcionadas-las-restricciones-a-las-misas\/","title":{"rendered":"CAMPANA | Obispos consideran \u00abdesproporcionadas\u00bb las restricciones a las misas"},"content":{"rendered":"<!-- VideographyWP Plugin Message: Automatic video embedding prevented by plugin options. -->\n\n<p>Monse\u00f1or Pedro Laxague y el Obispo Auxiliar Justo Rodr\u00edguez Gallego (ambos de la Di\u00f3cesis de Z\u00e1rate-Campana), adhirieron junto a otros referentes bonaerenses a la carta del Arzobispo de la Plata V\u00edctor Manuel Fern\u00e1ndez, donde expresa su disconformidad ante gobierno provincial ante las actuales limitaciones al culto religioso.<\/p>\n\n\n\n<p>El Obispo Pedro Laxague y Obispo Auxiliar Justo Rodr\u00edguez Gallego (ambos de la Di\u00f3cesis de Z\u00e1rate-Campana), adhirieron en conjunto con otros Obispos bonaerenses a la carta del Arzobispo de la Plata V\u00edctor Manuel Fern\u00e1ndez, en la cual manifiesta ante las autoridades del Gobierno Provincial su disconformidad por las medidas de restricci\u00f3n en los actos religiosos.<\/p>\n\n\n\n<p>\u201cEntendemos y acompa\u00f1amos la situaci\u00f3n sanitaria, igualmente pedimos poder rever la desproporcionada medida de poder contar tan solo con 10 personas al aire libre para la Celebraci\u00f3n del Culto. Asimismo, solicitamos de manera formal dialogar para discernir una mayor apertura en las celebraciones en este tiempo de tanta necesidad, no solo de la salud f\u00edsica, sino tambi\u00e9n espiritual de nuestro pueblo bonaerense\u201d, expresaron los l\u00edderes de la Iglesia a nivel provincial en su comunicado.<\/p>\n\n\n\n<p>Por su parte, Monse\u00f1or Fern\u00e1ndez hab\u00eda solicitado a las autoridades de la Provincia de Buenos Aires evaluar la posibilidad de ampliar la actual restricci\u00f3n de un m\u00e1ximo de 10 personas para las celebraciones religiosas al aire libre, considerando que tal requisito es \u201cmuy abusivo y completamente desproporcionado\u201d.<\/p>\n\n\n\n<p>En esta l\u00ednea, el Arzobispo argument\u00f3 que es extra\u00f1o que se considere m\u00e1s riesgoso un culto religioso que una actividad deportiva, explicando a su vez que no solicita que se planteen los actos de culto \u201cdesde el punto de vista de la fe\u201d, explicando en cambio que \u201cdesde una mirada meramente humana se advierte que 20 o 30 personas a dos metros de distancia en una misa al aire libre no tienen riesgo de contagio\u201d.<\/p>\n\n\n\n<p>\u201cSi se quiere obrar de manera realmente razonable y cient\u00edfica, entonces lo racional ser\u00eda distinguir los actos de culto de otros tipos de reuniones, y habilitar un n\u00famero mayor de personas que haga que la norma sea realmente practicable\u201d, concluye el referente de La Plata, quien cuenta actualmente con amplio apoyo en todo el territorio bonaerense.<\/p>\n\n\n\n<p><strong>Firmantes:<br><\/strong><br>Mons. Pedro Laxague, Obispo de Z\u00e1rate-Campana<br>Mons. Mons. Justo Rodr\u00edguez Gallego, Obispo Auxiliar de Zarate-Campana<br>Mons. Eduardo Garc\u00eda, Obispo de San Justo<br>Mons. Jorge V\u00e1zquez, Obispo de Mor\u00f3n<br>Mons. Jorge Torres Carbonell, Obispo de Gregorio de Laferrere<br>Mons. Mart\u00edn Fassi, Obispo de San Mart\u00edn<br>Mons. Santiago Olivera, Obispo Castrense<br>Mons. Dami\u00e1n Nannini, Obispo de San Miguel<br>Mons. Fernando Maletti, Obispo de Merlo-Moreno<br>Mons. Oscar Mi\u00f1arro, Obispo Auxiliar de Merlo-Moreno<br>Mons. Jorge Lugones, Obispo de Lomas de Zamora<br>Mons. Ignacio Medina, Obispo Auxiliar de Lomas de Zamora<br>Mons. Carlos Tissera, Obispo de Quilmes<br>Mons. Marcelo Magni, Obispo Auxiliar de Quilmes<br>Mons. Oscar Ojea, Obispo de San Isidro<br>Mons. Guillermo Caride, Obispo Auxiliar de San isidro<br>Mons. Ra\u00fal Pizarro, Obispo Auxiliar de San Isidro<br>Pbro. Rub\u00e9n Oscar L\u00f3pez, Administrador Diocesano de Avellaneda-Lan\u00fas<\/p>\n\n\n\n<p><strong>Carta original del Arzobispo de La Plata, V\u00edctor Manuel Fern\u00e1ndez<br><\/strong><br><em>\u00abD\u00edas atr\u00e1s, me dirig\u00ed a la Jefatura de Gabinete de la provincia de Buenos Aires para manifestar mi perplejidad por la reducci\u00f3n a un m\u00e1ximo de 10 personas para los actos de culto al aire libre.<br><br>Le transmit\u00ed que hasta ahora, siempre hemos hecho enormes esfuerzos para acatar y explicar las medidas sanitarias. Yo mismo hice una carta fundamentando las atribuciones de las autoridades aun cuando se trata de actos de culto, pero esto supone que se trate de medidas racionales. Tensar tanto la cuerda no nos ayuda. Basados en la actividad permitida 104, del decreto nacional, ya est\u00e1bamos celebrando las Misas al aire libre con 20 personas, y as\u00ed lo est\u00e1bamos haciendo, con distancias de m\u00e1s de dos metros entre personas o burbujas. Para hacerlo, los sacerdotes han celebrado muchas Misas en distintos horarios de manera que pudi\u00e9ramos cubrir m\u00ednimamente la demanda, al menos de las personas que m\u00e1s lo requieren.<br><br>Reducir ahora ese n\u00famero para la fase 2 y aun para la 3, a s\u00f3lo 10 personas, nos parece a todos muy abusivo y completamente desproporcionado. Y esto se plantea no desde el punto de vista de la fe, sino desde la misma evidencia racional. Nos parece extra\u00f1o que se considere un culto religioso m\u00e1s peligroso que una actividad deportiva. No pedimos que se consideren los actos del culto desde el punto de vista de la fe. Pero con una mirada meramente humana se advierte que 20 o 30 personas a dos metros de distancia en una Misa al aire libre no tienen riesgo de contagio.<br><br>Se ignora un hecho constatable: la Misa es un acto muy est\u00e1tico. La gente no se mueve, no hablan entre s\u00ed, no se tocan, no hay interacci\u00f3n. La \u00fanica interacci\u00f3n que exist\u00eda era el saludo de la paz que se ha quitado. En un partido de f\u00fatbol, en cambio, hay contacto, cercan\u00eda interpersonal, se tocan, se gritan, se respiran encima, y los riesgos son claramente diferentes.<br><br>Aun los grupos de personas que se juntan a merendar en una plaza, tienen mucho mayor contacto que en una Misa. De hecho, en algunos de los decretos emanados hasta ahora se insinuaba una distinci\u00f3n, pero en estas \u00faltimas medidas ha desaparecido y no vemos que esto sea razonable.<br><br>Si se quiere obrar de manera realmente razonable y cient\u00edfica, entonces lo racional ser\u00eda distinguir los actos de culto de otros tipos de reuniones, y habilitar un n\u00famero mayor de personas que haga que la norma sea realmente practicable\u00bb.<\/em><\/p>\n","protected":false},"excerpt":{"rendered":"<p>Monse\u00f1or Pedro Laxague y el Obispo Auxiliar Justo Rodr\u00edguez Gallego (ambos de la Di\u00f3cesis de Z\u00e1rate-Campana), adhirieron junto a otros referentes bonaerenses a la carta del Arzobispo de la Plata V\u00edctor Manuel Fern\u00e1ndez, donde expresa su disconformidad ante gobierno provincial ante las actuales limitaciones al culto religioso. El Obispo Pedro Laxague y Obispo Auxiliar Justo [&hellip;]<\/p>\n","protected":false},"author":4,"featured_media":92203,"comment_status":"open","ping_status":"closed","sticky":false,"template":"","format":"standard","meta":{"om_disable_all_campaigns":false,"_jetpack_memberships_contains_paid_content":false,"footnotes":""},"categories":[621],"tags":[],"class_list":["post-92202","post","type-post","status-publish","format-standard","has-post-thumbnail","hentry","category-regionales"],"aioseo_notices":[],"gutentor_comment":0,"jetpack_featured_media_url":"https:\/\/eldiariodesanpedro.com.ar\/sitio\/wp-content\/uploads\/2021\/05\/20210507095428.jpg","jetpack_shortlink":"https:\/\/wp.me\/p6RhLt-nZ8","jetpack_sharing_enabled":true,"_links":{"self":[{"href":"https:\/\/eldiariodesanpedro.com.ar\/sitio\/wp-json\/wp\/v2\/posts\/92202","targetHints":{"allow":["GET"]}}],"collection":[{"href":"https:\/\/eldiariodesanpedro.com.ar\/sitio\/wp-json\/wp\/v2\/posts"}],"about":[{"href":"https:\/\/eldiariodesanpedro.com.ar\/sitio\/wp-json\/wp\/v2\/types\/post"}],"author":[{"embeddable":true,"href":"https:\/\/eldiariodesanpedro.com.ar\/sitio\/wp-json\/wp\/v2\/users\/4"}],"replies":[{"embeddable":true,"href":"https:\/\/eldiariodesanpedro.com.ar\/sitio\/wp-json\/wp\/v2\/comments?post=92202"}],"version-history":[{"count":1,"href":"https:\/\/eldiariodesanpedro.com.ar\/sitio\/wp-json\/wp\/v2\/posts\/92202\/revisions"}],"predecessor-version":[{"id":92204,"href":"https:\/\/eldiariodesanpedro.com.ar\/sitio\/wp-json\/wp\/v2\/posts\/92202\/revisions\/92204"}],"wp:featuredmedia":[{"embeddable":true,"href":"https:\/\/eldiariodesanpedro.com.ar\/sitio\/wp-json\/wp\/v2\/media\/92203"}],"wp:attachment":[{"href":"https:\/\/eldiariodesanpedro.com.ar\/sitio\/wp-json\/wp\/v2\/media?parent=92202"}],"wp:term":[{"taxonomy":"category","embeddable":true,"href":"https:\/\/eldiariodesanpedro.com.ar\/sitio\/wp-json\/wp\/v2\/categories?post=92202"},{"taxonomy":"post_tag","embeddable":true,"href":"https:\/\/eldiariodesanpedro.com.ar\/sitio\/wp-json\/wp\/v2\/tags?post=92202"}],"curies":[{"name":"wp","href":"https:\/\/api.w.org\/{rel}","templated":true}]}}