{"id":92195,"date":"2021-05-08T11:53:45","date_gmt":"2021-05-08T14:53:45","guid":{"rendered":"https:\/\/eldiariodesanpedro.com.ar\/sitio\/?p=92195"},"modified":"2021-05-08T11:53:49","modified_gmt":"2021-05-08T14:53:49","slug":"baradero-el-intendente-entrego-un-subsidio-de-mas-de-300-mil-pesos-a-la-liga-de-futbol","status":"publish","type":"post","link":"https:\/\/eldiariodesanpedro.com.ar\/sitio\/baradero-el-intendente-entrego-un-subsidio-de-mas-de-300-mil-pesos-a-la-liga-de-futbol\/","title":{"rendered":"BARADERO | El intendente entreg\u00f3 un subsidio de m\u00e1s de 300 mil pesos a la Liga de F\u00fatbol"},"content":{"rendered":"<!-- VideographyWP Plugin Message: Automatic video embedding prevented by plugin options. -->\n\n<p>En la jornada del viernes, el intendente&nbsp;<strong>Esteban Sanzio<\/strong>&nbsp;y el secretario de gobierno&nbsp;<strong>Nicol\u00e1s Moreira<\/strong>, recibieron en el despacho al presidente, Jorge Gonz\u00e1lez y el tesorero Enrique Rosendo de la&nbsp;<strong>Liga de F\u00fatbol de Baradero,&nbsp;<\/strong>para realizar la entrega formal de un subsidio de m\u00e1s de&nbsp;<strong>$300 mil pesos<\/strong>&nbsp;que ser\u00e1n utilizados para costear los \u00e1rbitros y la seguridad policial de la competencia cuando \u00e9sta se reanude. &nbsp;<\/p>\n\n\n\n<p>La asistencia econ\u00f3mica fue otorgada por el Municipio de Baradero a la Liga de F\u00fatbol local con el objetivo de ayudar a atravesar el dif\u00edcil momento econ\u00f3mico de la entidad y los clubes producto de la pandemia, entendiendo que desde la segunda semana marzo de 2020 \u2013fecha en la que se disput\u00f3 la \u00faltima competencia de f\u00fatbol- la situaci\u00f3n econ\u00f3mica y deportiva en las instituciones que albergan el f\u00fatbol se ha visto afectada por la situaci\u00f3n epidemiol\u00f3gica de la ciudad, el pa\u00eds y el mundo. \u00a0<\/p>\n\n\n\n<p>Fuente: <a href=\"https:\/\/tulineadirecta.com\/el-intendente-entrego-un-subsidio-de-mas-de-300-mil-pesos-a-la-liga-de-futbol-de-baradero\/\">Tu Linea Directa<\/a><a href=\"https:\/\/tulineadirecta.com\/author\/tulineadirecta1\/\"><\/a><\/p>\n","protected":false},"excerpt":{"rendered":"<p>En la jornada del viernes, el intendente&nbsp;Esteban Sanzio&nbsp;y el secretario de gobierno&nbsp;Nicol\u00e1s Moreira, recibieron en el despacho al presidente, Jorge Gonz\u00e1lez y el tesorero Enrique Rosendo de la&nbsp;Liga de F\u00fatbol de Baradero,&nbsp;para realizar la entrega formal de un subsidio de m\u00e1s de&nbsp;$300 mil pesos&nbsp;que ser\u00e1n utilizados para costear los \u00e1rbitros y la seguridad policial de [&hellip;]<\/p>\n","protected":false},"author":4,"featured_media":92196,"comment_status":"open","ping_status":"closed","sticky":false,"template":"","format":"standard","meta":{"om_disable_all_campaigns":false,"_jetpack_memberships_contains_paid_content":false,"footnotes":""},"categories":[2],"tags":[],"class_list":["post-92195","post","type-post","status-publish","format-standard","has-post-thumbnail","hentry","category-locales"],"aioseo_notices":[],"gutentor_comment":0,"jetpack_featured_media_url":"https:\/\/eldiariodesanpedro.com.ar\/sitio\/wp-content\/uploads\/2021\/05\/el-intendente-entrego-un-subsidio-a-la-liga-de-futbol.jpg","jetpack_shortlink":"https:\/\/wp.me\/p6RhLt-nZ1","jetpack_sharing_enabled":true,"_links":{"self":[{"href":"https:\/\/eldiariodesanpedro.com.ar\/sitio\/wp-json\/wp\/v2\/posts\/92195","targetHints":{"allow":["GET"]}}],"collection":[{"href":"https:\/\/eldiariodesanpedro.com.ar\/sitio\/wp-json\/wp\/v2\/posts"}],"about":[{"href":"https:\/\/eldiariodesanpedro.com.ar\/sitio\/wp-json\/wp\/v2\/types\/post"}],"author":[{"embeddable":true,"href":"https:\/\/eldiariodesanpedro.com.ar\/sitio\/wp-json\/wp\/v2\/users\/4"}],"replies":[{"embeddable":true,"href":"https:\/\/eldiariodesanpedro.com.ar\/sitio\/wp-json\/wp\/v2\/comments?post=92195"}],"version-history":[{"count":1,"href":"https:\/\/eldiariodesanpedro.com.ar\/sitio\/wp-json\/wp\/v2\/posts\/92195\/revisions"}],"predecessor-version":[{"id":92197,"href":"https:\/\/eldiariodesanpedro.com.ar\/sitio\/wp-json\/wp\/v2\/posts\/92195\/revisions\/92197"}],"wp:featuredmedia":[{"embeddable":true,"href":"https:\/\/eldiariodesanpedro.com.ar\/sitio\/wp-json\/wp\/v2\/media\/92196"}],"wp:attachment":[{"href":"https:\/\/eldiariodesanpedro.com.ar\/sitio\/wp-json\/wp\/v2\/media?parent=92195"}],"wp:term":[{"taxonomy":"category","embeddable":true,"href":"https:\/\/eldiariodesanpedro.com.ar\/sitio\/wp-json\/wp\/v2\/categories?post=92195"},{"taxonomy":"post_tag","embeddable":true,"href":"https:\/\/eldiariodesanpedro.com.ar\/sitio\/wp-json\/wp\/v2\/tags?post=92195"}],"curies":[{"name":"wp","href":"https:\/\/api.w.org\/{rel}","templated":true}]}}