{"id":92192,"date":"2021-05-08T11:22:27","date_gmt":"2021-05-08T14:22:27","guid":{"rendered":"https:\/\/eldiariodesanpedro.com.ar\/sitio\/?p=92192"},"modified":"2021-05-08T12:05:42","modified_gmt":"2021-05-08T15:05:42","slug":"baradero-manejaba-borracho-choco-un-auto-y-siguio-varias-cuadras-sin-una-rueda","status":"publish","type":"post","link":"https:\/\/eldiariodesanpedro.com.ar\/sitio\/baradero-manejaba-borracho-choco-un-auto-y-siguio-varias-cuadras-sin-una-rueda\/","title":{"rendered":"BARADERO | Manejaba borracho, choco un auto y sigui\u00f3 varias cuadras sin una rueda"},"content":{"rendered":"<!-- VideographyWP Plugin Message: Automatic video embedding prevented by plugin options. -->\n\n<p>Pasadas las 21:00 Hs. de la noche de ayer, un hombre de la comunidad boliviana que manejaba una camioneta pickup, colision\u00f3 un Peugeot 308 estacionado en calle Manuel Belgrano casi esquina Ferm\u00edn Rosell.<\/p>\n\n\n\n<p>Producto de ese choque la camioneta perdi\u00f3 la rueda del lado derecho y as\u00ed transito mas de diez cuadras, fue filmado por un conductor que transitaba detr\u00e1s, hasta el paso a nivel de Godoy Gruz y las v\u00edas donde fue detenido por la polic\u00eda.<\/p>\n\n\n\n<p>Personal de tr\u00e1nsito municipal le realiz\u00f3 el control de alcoholemia que arrojo 1,93 como resultado cuando el permitido es 0.50.<\/p>\n\n\n\n<figure class=\"wp-block-video\"><video height=\"640\" style=\"aspect-ratio: 362 \/ 640;\" width=\"362\" controls src=\"https:\/\/eldiariodesanpedro.com.ar\/sitio\/wp-content\/uploads\/2021\/05\/48472669_321387816020176_3598559432975649303_n.mp4\"><\/video><\/figure>\n\n\n\n<p>Fuente: <a href=\"https:\/\/www.baraderoteinforma.com.ar\/policiales-manejaba-borracho-choco-un-auto-y-siguio-varias-cuadras-sin-una-rueda\/\">Baradero Te Informa<\/a><\/p>\n","protected":false},"excerpt":{"rendered":"<p>Pasadas las 21:00 Hs. de la noche de ayer, un hombre de la comunidad boliviana que manejaba una camioneta pickup, colision\u00f3 un Peugeot 308 estacionado en calle Manuel Belgrano casi esquina Ferm\u00edn Rosell. Producto de ese choque la camioneta perdi\u00f3 la rueda del lado derecho y as\u00ed transito mas de diez cuadras, fue filmado por [&hellip;]<\/p>\n","protected":false},"author":4,"featured_media":92193,"comment_status":"open","ping_status":"closed","sticky":false,"template":"","format":"standard","meta":{"om_disable_all_campaigns":false,"_jetpack_memberships_contains_paid_content":false,"footnotes":""},"categories":[621],"tags":[],"class_list":["post-92192","post","type-post","status-publish","format-standard","has-post-thumbnail","hentry","category-regionales"],"aioseo_notices":[],"gutentor_comment":0,"jetpack_featured_media_url":"https:\/\/eldiariodesanpedro.com.ar\/sitio\/wp-content\/uploads\/2021\/05\/Sin-titulo-1-3.jpg","jetpack_shortlink":"https:\/\/wp.me\/p6RhLt-nYY","jetpack_sharing_enabled":true,"_links":{"self":[{"href":"https:\/\/eldiariodesanpedro.com.ar\/sitio\/wp-json\/wp\/v2\/posts\/92192","targetHints":{"allow":["GET"]}}],"collection":[{"href":"https:\/\/eldiariodesanpedro.com.ar\/sitio\/wp-json\/wp\/v2\/posts"}],"about":[{"href":"https:\/\/eldiariodesanpedro.com.ar\/sitio\/wp-json\/wp\/v2\/types\/post"}],"author":[{"embeddable":true,"href":"https:\/\/eldiariodesanpedro.com.ar\/sitio\/wp-json\/wp\/v2\/users\/4"}],"replies":[{"embeddable":true,"href":"https:\/\/eldiariodesanpedro.com.ar\/sitio\/wp-json\/wp\/v2\/comments?post=92192"}],"version-history":[{"count":3,"href":"https:\/\/eldiariodesanpedro.com.ar\/sitio\/wp-json\/wp\/v2\/posts\/92192\/revisions"}],"predecessor-version":[{"id":92201,"href":"https:\/\/eldiariodesanpedro.com.ar\/sitio\/wp-json\/wp\/v2\/posts\/92192\/revisions\/92201"}],"wp:featuredmedia":[{"embeddable":true,"href":"https:\/\/eldiariodesanpedro.com.ar\/sitio\/wp-json\/wp\/v2\/media\/92193"}],"wp:attachment":[{"href":"https:\/\/eldiariodesanpedro.com.ar\/sitio\/wp-json\/wp\/v2\/media?parent=92192"}],"wp:term":[{"taxonomy":"category","embeddable":true,"href":"https:\/\/eldiariodesanpedro.com.ar\/sitio\/wp-json\/wp\/v2\/categories?post=92192"},{"taxonomy":"post_tag","embeddable":true,"href":"https:\/\/eldiariodesanpedro.com.ar\/sitio\/wp-json\/wp\/v2\/tags?post=92192"}],"curies":[{"name":"wp","href":"https:\/\/api.w.org\/{rel}","templated":true}]}}