{"id":92189,"date":"2021-05-08T11:06:21","date_gmt":"2021-05-08T14:06:21","guid":{"rendered":"https:\/\/eldiariodesanpedro.com.ar\/sitio\/?p=92189"},"modified":"2021-05-08T11:06:26","modified_gmt":"2021-05-08T14:06:26","slug":"hubo-acuerdo-para-postergar-las-paso-y-las-legislativas-por-un-mes","status":"publish","type":"post","link":"https:\/\/eldiariodesanpedro.com.ar\/sitio\/hubo-acuerdo-para-postergar-las-paso-y-las-legislativas-por-un-mes\/","title":{"rendered":"Hubo acuerdo para postergar las PASO y las legislativas por un mes"},"content":{"rendered":"<!-- VideographyWP Plugin Message: Automatic video embedding prevented by plugin options. -->\n\n<p>El acuerdo entre el Gobierno y la oposici\u00f3n contempla que se posterguen hasta el 12 de septiembre las Primarias y hasta el 14 de noviembre las legislativas.<\/p>\n\n\n\n<p>El Gobierno y la oposici\u00f3n llegaron a un acuerdo para postergar hasta el 12 de septiembre las elecciones Primarias, Abiertas, Simult\u00e1neas y Obligatorias (PASO) y hasta el 14 de noviembre las legislativas, dijeron fuentes oficiales.<\/p>\n\n\n\n<p>El acuerdo qued\u00f3 sellado durante una reuni\u00f3n entre el ministro del Interior, Eduardo &#8216;Wado&#8217; de Pedro; y el presidente de la C\u00e1mara de Diputados, Sergio Massa; con los jefes de distintos bloques de ese cuerpo legislativo.<\/p>\n\n\n\n<p>Originalmente, las PASO estaban previstas para el 8 de agosto y las generales para el 24 de octubre, por lo que el retraso ser\u00eda de cinco semanas en el primer caso y de tres en el segundo.<\/p>\n\n\n\n<p>Tras la reuni\u00f3n, desarrollada en el Sal\u00f3n de los Escudos de Casa Rosada, Wado de Pedro inform\u00f3 que \u00abcon los jefes de los distintos bloques del Congreso pudimos terminar de articular y acordar realizar las elecciones de este a\u00f1o priorizando la salud y la vida de la gente, en el marco de la pandemia que estamos viviendo\u00bb.<\/p>\n\n\n\n<p>En ese marco, detall\u00f3 que junto a los representantes parlamentarios \u00abse consensu\u00f3 un proyecto de Ley para modificar el cronograma electoral, por lo que de esta forma la celebraci\u00f3n de las PASO quedar\u00e1 programada para el 12 de septiembre, y las generales el 14 de noviembre\u00bb.<\/p>\n\n\n\n<p>Al acuerdo se lleg\u00f3 luego de que el Gobierno aceptar\u00e1 que la postergaci\u00f3n ser\u00e1 \u00abpor \u00fanica vez\u00bb, una de las demandas vertidas por Juntos por el Cambio cuando se conoci\u00f3 el borrador del proyecto.<\/p>\n\n\n\n<p>Por su parte, Massa ponder\u00f3 que \u00ablas reglas del juego en materia electoral son producto del consenso y el acuerdo de la gran mayor\u00eda de las fuerzas pol\u00edticas\u00bb.<\/p>\n\n\n\n<p><strong>La postura de la oposici\u00f3n<\/strong><\/p>\n\n\n\n<p>A su turno Mario Negri, presidente de la bancada de Juntos por el Cambio, se\u00f1al\u00f3: \u00abEntendemos que la situaci\u00f3n sanitaria amerita un acuerdo pol\u00edtico entre todos los partidos con representaci\u00f3n en el Congreso\u00bb.<\/p>\n\n\n\n<p>\u00abNo especulamos pol\u00edticamente, por el contrario, creemos que mientras m\u00e1s personas est\u00e9n inmunizadas mayor ser\u00e1 la participaci\u00f3n de la ciudadan\u00eda en las PASO; porque el \u00e9xito de las primarias es que la sociedad se involucre para definir qu\u00e9 modelo de pa\u00eds quiere\u00bb, se\u00f1al\u00f3.<\/p>\n\n\n\n<p>En el mismo sentido, el titular de la cartera de Interior valor\u00f3 y agradeci\u00f3 \u201cla predisposici\u00f3n y buena voluntad de todos los bloques y gobernadores para alcanzar este objetivo\u201d.<\/p>\n\n\n\n<p>\u201cEs poder ganar un mes en cada una de las instancias electorales para que m\u00e1s argentinos y argentinas puedan vacunarse. Cada d\u00eda que ganamos para vacunar son m\u00e1s vidas que se salvan\u201d. a\u00f1adi\u00f3.<\/p>\n\n\n\n<p>Massa tambi\u00e9n destac\u00f3 que \u201cdurante las \u00faltimas semanas el ministro articul\u00f3 con cada una de las distintas fuerzas pol\u00edticas de la Argentina\u00bb.<\/p>\n\n\n\n<p>\u00abLa gran mayor\u00eda de ellas coincidimos en que, en el marco de esta pandemia, lo mejor era encontrar un mecanismo de postergaci\u00f3n para concretar el proceso pol\u00edtico hacia momentos m\u00e1s protegidos desde el punto de vista de la salud\u201d, complet\u00f3.<\/p>\n\n\n\n<p>Y adelant\u00f3, adem\u00e1s, que De Pedro \u201cinformar\u00e1 a la ciudadan\u00eda en las pr\u00f3ximas semanas los protocolos sanitarios para garantizar el proceso electoral desde el punto de vista de la distancia social, el momento de la votaci\u00f3n, el traslado y la protecci\u00f3n del personal en funciones\u201d.<\/p>\n\n\n\n<p><strong>Los participantes<\/strong><\/p>\n\n\n\n<p>Junto a Massa y De Pedro particip\u00f3 desde Casa de Gobierno la secretaria de Asuntos Pol\u00edticos del Ministerio del Interior, Patricia Garc\u00eda Blanco, mientras que por videoconferencia lo hicieron los oficialistas M\u00e1ximo Kirchner -presidente del bloque del Frente de Todos-, Cecilia Moreau y Cristina \u00c1lvarez Rodr\u00edguez.<\/p>\n\n\n\n<p>Por los bloques opositores estuvieron Mario Negri (UCR), Cristian Ritondo (PRO) y Juan Manuel L\u00f3pez (Coalici\u00f3n C\u00edvica), todos ellos de Juntos por el Cambio.<\/p>\n\n\n\n<p>Eduardo Bucca (Justicialista), Carlos Guti\u00e9rrez (C\u00f3rdoba Federal), Alejandro Rodr\u00edguez (Consenso Federal), Andr\u00e9s Zottos (Justicialista), Luis Contigiani (Progresista)y Enrique Est\u00e9vez (Socialista), lo hicieron por el interbloque Federal.<\/p>\n\n\n\n<p>Unidad Federal por el Desarrollo estuvo representada por Jos\u00e9 Luis Ram\u00f3n (Unidad para el Desarrollo), Ricardo Wellbach (Frente de la Concordia misionero)y Luis Di Gi\u00e1como (Juntos Somos Rio Negro).<\/p>\n\n\n\n<p>Completaron la lista, por el interbloque Acci\u00f3n Federal, Felipe \u00c1lvarez; por el Movimiento Popular Neuquino, Alma Sapag; por IIzquierda Socialista \u2013 Frente de Izquierda, Juan Carlos Giordano; por el PTS \u2013 Frente de Izquierda, Nicol\u00e1s del Ca\u00f1o, y por el Partido por la Justicia Social tucumano: Beatriz \u00c1vila.<\/p>\n\n\n\n<p>As\u00ed como Juntos por el Cambio plante\u00f3 la clausula de garant\u00eda de que las elecciones PASO no se suspender\u00edan y que la postergaci\u00f3n del calendario ser\u00eda por \u00fanica vez, otras bancadas tambi\u00e9n formularon diferentes demandas.<\/p>\n\n\n\n<p>Ram\u00f3n pidi\u00f3 que el proyecto sea acompa\u00f1ado de un informe del Ministerio de Salud sobre la situaci\u00f3n sanitaria, en tanto que Bucca anticip\u00f3 su rechazo al pedido de Juntos por el Cambio para que no se puedan volver a postergar las elecciones.<\/p>\n\n\n\n<p>El tambi\u00e9n m\u00e9dico argument\u00f3 que no se puede cerrar esa posibilidad teniendo en cuenta el pico de la segunda ola de la pandemia y sin saber cual ser\u00e1 la situaci\u00f3n en septiembre.<\/p>\n\n\n\n<p>Rodriguez y el socialismo insistieron con su pedido para que se utilice la Boleta \u00danica Papel o que, ante la imposibilidad de poder aplicarla \u00e9ste a\u00f1o, se garantice su obligatoriedad en las elecciones de 2023.<\/p>\n\n\n\n<p>La izquierda, en tanto, traslado su hist\u00f3rico reclamo de que se elimine el piso de votos requeridos en las PASO para poder competir en las elecciones generales.<\/p>\n","protected":false},"excerpt":{"rendered":"<p>El acuerdo entre el Gobierno y la oposici\u00f3n contempla que se posterguen hasta el 12 de septiembre las Primarias y hasta el 14 de noviembre las legislativas. El Gobierno y la oposici\u00f3n llegaron a un acuerdo para postergar hasta el 12 de septiembre las elecciones Primarias, Abiertas, Simult\u00e1neas y Obligatorias (PASO) y hasta el 14 [&hellip;]<\/p>\n","protected":false},"author":4,"featured_media":92190,"comment_status":"open","ping_status":"closed","sticky":false,"template":"","format":"standard","meta":{"om_disable_all_campaigns":false,"_jetpack_memberships_contains_paid_content":false,"footnotes":""},"categories":[621],"tags":[],"class_list":["post-92189","post","type-post","status-publish","format-standard","has-post-thumbnail","hentry","category-regionales"],"aioseo_notices":[],"gutentor_comment":0,"jetpack_featured_media_url":"https:\/\/eldiariodesanpedro.com.ar\/sitio\/wp-content\/uploads\/2021\/05\/68737_3_658x400.jpg","jetpack_shortlink":"https:\/\/wp.me\/p6RhLt-nYV","jetpack_sharing_enabled":true,"_links":{"self":[{"href":"https:\/\/eldiariodesanpedro.com.ar\/sitio\/wp-json\/wp\/v2\/posts\/92189","targetHints":{"allow":["GET"]}}],"collection":[{"href":"https:\/\/eldiariodesanpedro.com.ar\/sitio\/wp-json\/wp\/v2\/posts"}],"about":[{"href":"https:\/\/eldiariodesanpedro.com.ar\/sitio\/wp-json\/wp\/v2\/types\/post"}],"author":[{"embeddable":true,"href":"https:\/\/eldiariodesanpedro.com.ar\/sitio\/wp-json\/wp\/v2\/users\/4"}],"replies":[{"embeddable":true,"href":"https:\/\/eldiariodesanpedro.com.ar\/sitio\/wp-json\/wp\/v2\/comments?post=92189"}],"version-history":[{"count":1,"href":"https:\/\/eldiariodesanpedro.com.ar\/sitio\/wp-json\/wp\/v2\/posts\/92189\/revisions"}],"predecessor-version":[{"id":92191,"href":"https:\/\/eldiariodesanpedro.com.ar\/sitio\/wp-json\/wp\/v2\/posts\/92189\/revisions\/92191"}],"wp:featuredmedia":[{"embeddable":true,"href":"https:\/\/eldiariodesanpedro.com.ar\/sitio\/wp-json\/wp\/v2\/media\/92190"}],"wp:attachment":[{"href":"https:\/\/eldiariodesanpedro.com.ar\/sitio\/wp-json\/wp\/v2\/media?parent=92189"}],"wp:term":[{"taxonomy":"category","embeddable":true,"href":"https:\/\/eldiariodesanpedro.com.ar\/sitio\/wp-json\/wp\/v2\/categories?post=92189"},{"taxonomy":"post_tag","embeddable":true,"href":"https:\/\/eldiariodesanpedro.com.ar\/sitio\/wp-json\/wp\/v2\/tags?post=92189"}],"curies":[{"name":"wp","href":"https:\/\/api.w.org\/{rel}","templated":true}]}}